{"id":4474,"date":"2023-09-05T14:57:00","date_gmt":"2023-09-05T12:57:00","guid":{"rendered":"https:\/\/ceramitage.eu\/relacja-filmowa-z-otwarcia-wystawy-w-porsgrunn-norwegia\/"},"modified":"2024-06-27T15:03:52","modified_gmt":"2024-06-27T13:03:52","slug":"relacja-filmowa-z-otwarcia-wystawy-w-porsgrunn-norwegia","status":"publish","type":"post","link":"https:\/\/ceramitage.eu\/en\/relacja-filmowa-z-otwarcia-wystawy-w-porsgrunn-norwegia\/","title":{"rendered":"Relacja filmowa z otwarcia wystawy w Porsgrunn, Norwegia"},"content":{"rendered":"\t\t<div data-elementor-type=\"wp-post\" data-elementor-id=\"4474\" class=\"elementor elementor-4474\" data-elementor-post-type=\"post\">\n\t\t\t\t\t\t<section class=\"elementor-section elementor-top-section elementor-element elementor-element-e80afc8 elementor-section-boxed elementor-section-height-default elementor-section-height-default\" data-id=\"e80afc8\" data-element_type=\"section\" data-settings=\"{&quot;jet_parallax_layout_list&quot;:[]}\">\n\t\t\t\t\t\t<div class=\"elementor-container elementor-column-gap-default\">\n\t\t\t\t\t<div class=\"elementor-column elementor-col-100 elementor-top-column elementor-element elementor-element-a026b9f\" data-id=\"a026b9f\" data-element_type=\"column\">\n\t\t\t<div class=\"elementor-widget-wrap elementor-element-populated\">\n\t\t\t\t\t\t<div class=\"elementor-element elementor-element-3389950 elementor-widget elementor-widget-post-info\" data-id=\"3389950\" data-element_type=\"widget\" data-widget_type=\"post-info.default\">\n\t\t\t\t<div class=\"elementor-widget-container\">\n\t\t\t\t\t<ul class=\"elementor-inline-items elementor-icon-list-items elementor-post-info\">\n\t\t\t\t\t\t\t\t<li class=\"elementor-icon-list-item elementor-repeater-item-cfdc669 elementor-inline-item\" itemprop=\"datePublished\">\n\t\t\t\t\t\t<a href=\"https:\/\/ceramitage.eu\/en\/2023\/09\/05\/\">\n\t\t\t\t\t\t\t\t\t\t\t<span class=\"elementor-icon-list-icon\">\n\t\t\t\t\t\t\t\t<i aria-hidden=\"true\" class=\"fas fa-calendar\"><\/i>\t\t\t\t\t\t\t<\/span>\n\t\t\t\t\t\t\t\t\t<span class=\"elementor-icon-list-text elementor-post-info__item elementor-post-info__item--type-date\">\n\t\t\t\t\t\t\t\t\t\tSeptember 5, 2023\t\t\t\t\t<\/span>\n\t\t\t\t\t\t\t\t\t<\/a>\n\t\t\t\t<\/li>\n\t\t\t\t<\/ul>\n\t\t\t\t<\/div>\n\t\t\t\t<\/div>\n\t\t\t\t\t<\/div>\n\t\t<\/div>\n\t\t\t\t\t<\/div>\n\t\t<\/section>\n\t\t\t\t<section class=\"elementor-section elementor-top-section elementor-element elementor-element-ae38eee elementor-section-boxed elementor-section-height-default elementor-section-height-default\" data-id=\"ae38eee\" data-element_type=\"section\" data-settings=\"{&quot;jet_parallax_layout_list&quot;:[]}\">\n\t\t\t\t\t\t<div class=\"elementor-container elementor-column-gap-default\">\n\t\t\t\t\t<div class=\"elementor-column elementor-col-100 elementor-top-column elementor-element elementor-element-629667f\" data-id=\"629667f\" data-element_type=\"column\">\n\t\t\t<div class=\"elementor-widget-wrap elementor-element-populated\">\n\t\t\t\t\t\t<div class=\"elementor-element elementor-element-e551f69 elementor-widget elementor-widget-text-editor\" data-id=\"e551f69\" data-element_type=\"widget\" data-widget_type=\"text-editor.default\">\n\t\t\t\t<div class=\"elementor-widget-container\">\n\t\t\t\t\t\t\t<p>W czerwcu tego roku wsp\u00f3lnie z Porselensmuseet, Telemark Museum \/ Brekkeparken, Telemark Museum zorganizowali\u015bmy wystaw\u0119 wsp\u00f3\u0142czesnej kamionki boles\u0142awieckiej w Norwegii. Dochodz\u0105 nas s\u0142uchy, \u017ce wyroby naszych producent\u00f3w podbi\u0142y serca norweskich mi\u0142o\u015bnik\u00f3w ceramiki, dlatego z tym wi\u0119ksz\u0105 przyjemno\u015bci\u0105 prezentujemy relacj\u0119 filmow\u0105 z otwarcia wystawy. \u017byczymy przyjemnego odbioru! \ud83d\ude42<\/p>\t\t\t\t\t\t<\/div>\n\t\t\t\t<\/div>\n\t\t\t\t<div class=\"elementor-element elementor-element-fbdb17c elementor-widget elementor-widget-video\" data-id=\"fbdb17c\" data-element_type=\"widget\" data-settings=\"{&quot;youtube_url&quot;:&quot;https:\\\/\\\/youtu.be\\\/8fJ3TIFizjk&quot;,&quot;video_type&quot;:&quot;youtube&quot;,&quot;controls&quot;:&quot;yes&quot;}\" data-widget_type=\"video.default\">\n\t\t\t\t<div class=\"elementor-widget-container\">\n\t\t\t\t\t<div class=\"elementor-wrapper elementor-open-inline\">\n\t\t\t<div class=\"elementor-video\"><\/div>\t\t<\/div>\n\t\t\t\t<\/div>\n\t\t\t\t<\/div>\n\t\t\t\t<div class=\"elementor-element elementor-element-bcd93c4 elementor-widget elementor-widget-text-editor\" data-id=\"bcd93c4\" data-element_type=\"widget\" data-widget_type=\"text-editor.default\">\n\t\t\t\t<div class=\"elementor-widget-container\">\n\t\t\t\t\t\t\t<p>Specjalne podzi\u0119kowania kierujemy do w\u0142a\u015bcicieli oraz przedstawicieli firm ceramicznych, kt\u00f3re zdecydowa\u0142y si\u0119 wzi\u0105\u0107 udzia\u0142 w wystawie:<br \/>Zak\u0142ady Ceramiczne \u201cBOLES\u0141AWIEC\u201d<br \/>Ceramika Artystyczna Sp\u00f3\u0142dzielnia R\u0119kodzie\u0142a Artystycznego Boles\u0142awiec<br \/>Manufaktura w Boles\u0142awcuSp. z o.o. sp. k.<br \/>Ceramika \u201eCzerniak\u201d Miros\u0142aw Czerniak<br \/>ceramika_anna Anna Bromboszcz-Wr\u00f3bel, Pawe\u0142 Wr\u00f3bel<br \/>Ceramika Arkadia Ewa \u0141abecka<br \/>Zak\u0142ad Ceramiczny \u201eCer-Gor\u201d Kazimierz Gorczy\u0144ski<br \/>Ceramika Boles\u0142awiecka Freska Krzysztof Sosik<br \/>MalDur Ceramika Boles\u0142awiecka Ma\u0142gorzata Durda<br \/>Ceramika Boles\u0142awiecka Kalich Weronika i Jacek Kalich<br \/>Ceramika Artystyczna \u201cWiza\u201d Sp. z o.o.<br \/>Ceramika TYRCZ Boles\u0142awiec<br \/>Pracownia Ceramiczna CerAniela.pottery.pl Ludwina Bobi\u0144ska<br \/>Ceramika z Boles\u0142awca Cer-Raf<br \/>Ceramika Bona Boles\u0142awiec (Cermaz)<br \/>Moja Faktoria Polish Pottery Karolina R\u00f3\u017cy\u0142o<br \/>GALIA Ceramika U\u017cytkowa s.c. Andrzej Jasiukiewicz, Agnieszka Jasiukiewicz<br \/>Ceramika Artystyczna Dalia Ewelina Czy\u017cewska<br \/>WR Ceramika s.c. Jaros\u0142aw i Katarzyna Rutyna<br \/>Ceramika Millena s.c. Dariusz Sikorski, Wies\u0142awa Seneszyn<br \/>VRS Ceramics (Dobrodzie\u0142a) Violetta St\u0119pie\u0144<br \/>Ceramika Amfora Boles\u0142awiec<br \/>Sklep z ceramika Boles\u0142awiecka- Lapis Lazuli-Ewa Chabluk<br \/>Tryni Ceramika Anna i Artur Tryniszewscy<br \/>Ceramika Rutpol Rutyna J\u00f3zef<br \/>Ceramika Artystyczna \u2013 Irena \u2013 Irena Michalczuk<br \/>Ceramika Artystyczna \u201cKaola\u201d \u2013 Kaola Studio<br \/>Ceramika Rose Barbara Kinaj<br \/>Ceramika Zebra<br \/>Pottery from Poland \/ Pracownia Ceramiki Boles\u0142awiec Zbigniew Forys<br \/>Ceramika Andar Anita Tofil<br \/>\u201cManufaktura Ceramiczna\u201d Andrzej Kowalczyk (www.ceramikakowalczyk.pl)<\/p><p><br \/>Wystawa jest dzia\u0142aniem w ramach projektu \u201cPolska i Norwegia na Europejskim Szlaku Ceramiki: w\u0142\u0105czenie Boles\u0142awca i Porsgrunn do mi\u0119dzynarodowej sieci wsp\u00f3\u0142pracy miast o tradycjach ceramicznych\u201d dofinansowanym ze \u015brodk\u00f3w Mechanizmu Finansowego Europejskiego Obszaru Gospodarczego w ramach Programu \u201cKultura\u201d realizowanego przez Ministerstwo Kultury i Dziedzictwa Narodowego.<\/p>\t\t\t\t\t\t<\/div>\n\t\t\t\t<\/div>\n\t\t\t\t\t<\/div>\n\t\t<\/div>\n\t\t\t\t\t<\/div>\n\t\t<\/section>\n\t\t\t\t<\/div>\n\t\t","protected":false},"excerpt":{"rendered":"<p>W czerwcu tego roku wsp\u00f3lnie z Porselensmuseet, Telemark Museum \/ Brekkeparken, Telemark Museum zorganizowali\u015bmy wystaw\u0119 wsp\u00f3\u0142czesnej kamionki boles\u0142awieckiej w Norwegii. Dochodz\u0105 nas s\u0142uchy, \u017ce wyroby naszych producent\u00f3w podbi\u0142y serca norweskich mi\u0142o\u015bnik\u00f3w ceramiki, dlatego z tym wi\u0119ksz\u0105 przyjemno\u015bci\u0105 prezentujemy relacj\u0119 filmow\u0105 z otwarcia wystawy. \u017byczymy przyjemnego odbioru! ? https:\/\/youtu.be\/8fJ3TIFizjk Specjalne podzi\u0119kowania kierujemy do w\u0142a\u015bcicieli oraz przedstawicieli [&hellip;]<\/p>\n","protected":false},"author":3,"featured_media":4467,"comment_status":"closed","ping_status":"closed","sticky":false,"template":"","format":"standard","meta":{"footnotes":""},"categories":[23,11],"tags":[],"class_list":["post-4474","post","type-post","status-publish","format-standard","has-post-thumbnail","hentry","category-aktualnosci-en","category-bez-kategorii-en"],"_links":{"self":[{"href":"https:\/\/ceramitage.eu\/en\/wp-json\/wp\/v2\/posts\/4474","targetHints":{"allow":["GET"]}}],"collection":[{"href":"https:\/\/ceramitage.eu\/en\/wp-json\/wp\/v2\/posts"}],"about":[{"href":"https:\/\/ceramitage.eu\/en\/wp-json\/wp\/v2\/types\/post"}],"author":[{"embeddable":true,"href":"https:\/\/ceramitage.eu\/en\/wp-json\/wp\/v2\/users\/3"}],"replies":[{"embeddable":true,"href":"https:\/\/ceramitage.eu\/en\/wp-json\/wp\/v2\/comments?post=4474"}],"version-history":[{"count":1,"href":"https:\/\/ceramitage.eu\/en\/wp-json\/wp\/v2\/posts\/4474\/revisions"}],"predecessor-version":[{"id":4476,"href":"https:\/\/ceramitage.eu\/en\/wp-json\/wp\/v2\/posts\/4474\/revisions\/4476"}],"wp:featuredmedia":[{"embeddable":true,"href":"https:\/\/ceramitage.eu\/en\/wp-json\/wp\/v2\/media\/4467"}],"wp:attachment":[{"href":"https:\/\/ceramitage.eu\/en\/wp-json\/wp\/v2\/media?parent=4474"}],"wp:term":[{"taxonomy":"category","embeddable":true,"href":"https:\/\/ceramitage.eu\/en\/wp-json\/wp\/v2\/categories?post=4474"},{"taxonomy":"post_tag","embeddable":true,"href":"https:\/\/ceramitage.eu\/en\/wp-json\/wp\/v2\/tags?post=4474"}],"curies":[{"name":"wp","href":"https:\/\/api.w.org\/{rel}","templated":true}]}}