{"id":4597,"date":"2024-03-27T14:10:00","date_gmt":"2024-03-27T13:10:00","guid":{"rendered":"https:\/\/ceramitage.eu\/?p=4597"},"modified":"2024-07-03T15:01:35","modified_gmt":"2024-07-03T13:01:35","slug":"wielkie-otwarcie-nowej-siedziby-muzeum-ceramiki-wstep-wolny","status":"publish","type":"post","link":"https:\/\/ceramitage.eu\/en\/wielkie-otwarcie-nowej-siedziby-muzeum-ceramiki-wstep-wolny\/","title":{"rendered":"Wielkie otwarcie nowej siedziby Muzeum Ceramiki &#8211; wst\u0119p wolny!"},"content":{"rendered":"\t\t<div data-elementor-type=\"wp-post\" data-elementor-id=\"4597\" class=\"elementor elementor-4597\" data-elementor-post-type=\"post\">\n\t\t\t\t\t\t<section class=\"elementor-section elementor-top-section elementor-element elementor-element-d778926 elementor-section-boxed elementor-section-height-default elementor-section-height-default\" data-id=\"d778926\" data-element_type=\"section\" data-settings=\"{&quot;jet_parallax_layout_list&quot;:[]}\">\n\t\t\t\t\t\t<div class=\"elementor-container elementor-column-gap-default\">\n\t\t\t\t\t<div class=\"elementor-column elementor-col-100 elementor-top-column elementor-element elementor-element-7934573\" data-id=\"7934573\" data-element_type=\"column\">\n\t\t\t<div class=\"elementor-widget-wrap elementor-element-populated\">\n\t\t\t\t\t\t<div class=\"elementor-element elementor-element-3d87768 elementor-widget elementor-widget-post-info\" data-id=\"3d87768\" data-element_type=\"widget\" data-widget_type=\"post-info.default\">\n\t\t\t\t<div class=\"elementor-widget-container\">\n\t\t\t\t\t<ul class=\"elementor-inline-items elementor-icon-list-items elementor-post-info\">\n\t\t\t\t\t\t\t\t<li class=\"elementor-icon-list-item elementor-repeater-item-2b85094 elementor-inline-item\" itemprop=\"datePublished\">\n\t\t\t\t\t\t<a href=\"https:\/\/ceramitage.eu\/en\/2024\/03\/27\/\">\n\t\t\t\t\t\t\t\t\t\t\t<span class=\"elementor-icon-list-icon\">\n\t\t\t\t\t\t\t\t<i aria-hidden=\"true\" class=\"fas fa-calendar\"><\/i>\t\t\t\t\t\t\t<\/span>\n\t\t\t\t\t\t\t\t\t<span class=\"elementor-icon-list-text elementor-post-info__item elementor-post-info__item--type-date\">\n\t\t\t\t\t\t\t\t\t\tMarch 27, 2024\t\t\t\t\t<\/span>\n\t\t\t\t\t\t\t\t\t<\/a>\n\t\t\t\t<\/li>\n\t\t\t\t<\/ul>\n\t\t\t\t<\/div>\n\t\t\t\t<\/div>\n\t\t\t\t<div class=\"elementor-element elementor-element-715423c elementor-widget elementor-widget-text-editor\" data-id=\"715423c\" data-element_type=\"widget\" data-widget_type=\"text-editor.default\">\n\t\t\t\t<div class=\"elementor-widget-container\">\n\t\t\t\t\t\t\t<p>Ju\u017c w \u015brod\u0119, 3 kwietnia 2024 r. o godzinie 19.00 przy ul. Zgorzeleckiej 28\/29 wielkie otwarcie nowej siedziby Muzeum Ceramiki w Boles\u0142awcu w dawnym pa\u0142acyku P\u00fccklera. Mieszka\u0144c\u00f3w Boles\u0142awca oraz entuzjast\u00f3w ceramiki z ca\u0142ej Polski na uroczyste, pe\u0142ne wra\u017ce\u0144 wydarzenie zaprasza Piotr Roman \u2013 Prezydent Miasta Boles\u0142awiec.<\/p>\t\t\t\t\t\t<\/div>\n\t\t\t\t<\/div>\n\t\t\t\t<section class=\"elementor-section elementor-inner-section elementor-element elementor-element-bc4eba4 elementor-section-boxed elementor-section-height-default elementor-section-height-default\" data-id=\"bc4eba4\" data-element_type=\"section\" data-settings=\"{&quot;jet_parallax_layout_list&quot;:[]}\">\n\t\t\t\t\t\t<div class=\"elementor-container elementor-column-gap-default\">\n\t\t\t\t\t<div class=\"elementor-column elementor-col-50 elementor-inner-column elementor-element elementor-element-a78839f\" data-id=\"a78839f\" data-element_type=\"column\">\n\t\t\t<div class=\"elementor-widget-wrap elementor-element-populated\">\n\t\t\t\t\t\t<div class=\"elementor-element elementor-element-3340fb3 elementor-widget elementor-widget-text-editor\" data-id=\"3340fb3\" data-element_type=\"widget\" data-widget_type=\"text-editor.default\">\n\t\t\t\t<div class=\"elementor-widget-container\">\n\t\t\t\t\t\t\t<p>Oficjalnie otwarcie rozpocznie si\u0119 o godzinie 19:00 na terenie zrewitalizowanego przypa\u0142acowego parku, w bezpo\u015brednim s\u0105siedztwie zachodniego skrzyd\u0142a pa\u0142acyku. Organizatorzy przygotowali sporo atrakcji \u0142\u0105cz\u0105cych sztuk\u0119 z najnowszymi technologiami, kt\u00f3re wprowadz\u0105 zebranych go\u015bci w wielokulturowy \u015bwiat ceramiki. W programie przewidziano m.in.:<br \/>\u2013 Koncert zespo\u0142u saksofonowego z\u0142o\u017conego z absolwent\u00f3w i uczni\u00f3w Pa\u0144stwowej Szko\u0142y Muzycznej I st. im. Witolda Lutos\u0142awskiego w Boles\u0142awcu, prowadzonego przez wyk\u0142adowc\u0119 Akademii Muzycznej im. K. Lipi\u0144skiego we Wroc\u0142awiu \u2013 Mateusza Boducha;<br \/>\u2013 Wyst\u0119p wokalny \u201eNorweskie melodie ludowe\u201d w wykonaniu aktorki, wokalistki i pracownika Telemark Museum \u2013 Karen Kje\u00f8en Erikstad, po\u0142\u0105czony z prezentacj\u0105 tradycyjnego norweskiego stroju regionalnego;<br \/>\u2013 Multimedialny pokaz historyczny na elewacji budynku, wzbogacony elementami linearnego mappingu laserowego oraz przestrzenny spektakl \u015bwiat\u0142a, d\u017awi\u0119ku i efekt\u00f3w specjalnych.<\/p>\t\t\t\t\t\t<\/div>\n\t\t\t\t<\/div>\n\t\t\t\t\t<\/div>\n\t\t<\/div>\n\t\t\t\t<div class=\"elementor-column elementor-col-50 elementor-inner-column elementor-element elementor-element-559aaf0\" data-id=\"559aaf0\" data-element_type=\"column\">\n\t\t\t<div class=\"elementor-widget-wrap elementor-element-populated\">\n\t\t\t\t\t\t<div class=\"elementor-element elementor-element-b026494 elementor-widget elementor-widget-gallery\" data-id=\"b026494\" data-element_type=\"widget\" data-settings=\"{&quot;columns&quot;:1,&quot;lazyload&quot;:&quot;yes&quot;,&quot;gallery_layout&quot;:&quot;grid&quot;,&quot;columns_tablet&quot;:2,&quot;columns_mobile&quot;:1,&quot;gap&quot;:{&quot;unit&quot;:&quot;px&quot;,&quot;size&quot;:10,&quot;sizes&quot;:[]},&quot;gap_tablet&quot;:{&quot;unit&quot;:&quot;px&quot;,&quot;size&quot;:10,&quot;sizes&quot;:[]},&quot;gap_mobile&quot;:{&quot;unit&quot;:&quot;px&quot;,&quot;size&quot;:10,&quot;sizes&quot;:[]},&quot;link_to&quot;:&quot;file&quot;,&quot;aspect_ratio&quot;:&quot;3:2&quot;,&quot;overlay_background&quot;:&quot;yes&quot;,&quot;content_hover_animation&quot;:&quot;fade-in&quot;}\" data-widget_type=\"gallery.default\">\n\t\t\t\t<div class=\"elementor-widget-container\">\n\t\t\t\t\t<div class=\"elementor-gallery__container\">\n\t\t\t\t\t\t\t<a class=\"e-gallery-item elementor-gallery-item elementor-animated-content\" href=\"https:\/\/ceramitage.eu\/wp-content\/uploads\/2024\/07\/27.03.2024-r.-2.jpg\" data-elementor-open-lightbox=\"yes\" data-elementor-lightbox-title=\"Zaproszenie na otwarcie pa\u0142acyku\" data-e-action-hash=\"#elementor-action%3Aaction%3Dlightbox%26settings%3DeyJpZCI6NDYwMSwidXJsIjoiaHR0cHM6XC9cL2NlcmFtaXRhZ2UuZXVcL3dwLWNvbnRlbnRcL3VwbG9hZHNcLzIwMjRcLzA3XC8yNy4wMy4yMDI0LXIuLTIuanBnIn0%3D\">\n\t\t\t\t\t<div class=\"e-gallery-image elementor-gallery-item__image\" data-thumbnail=\"https:\/\/ceramitage.eu\/wp-content\/uploads\/2024\/07\/27.03.2024-r.-2-768x1364.jpg\" data-width=\"768\" data-height=\"1364\" aria-label=\"\" role=\"img\" ><\/div>\n\t\t\t\t\t\t\t\t\t\t\t<div class=\"elementor-gallery-item__overlay\"><\/div>\n\t\t\t\t\t\t\t\t\t\t\t\t\t\t<\/a>\n\t\t\t\t\t\t\t<a class=\"e-gallery-item elementor-gallery-item elementor-animated-content\" href=\"https:\/\/ceramitage.eu\/wp-content\/uploads\/2024\/07\/27.03.2024-r.-3.jpg\" data-elementor-open-lightbox=\"yes\" data-elementor-lightbox-title=\"Zaproszenie na otwarcie pa\u0142acyku\" data-e-action-hash=\"#elementor-action%3Aaction%3Dlightbox%26settings%3DeyJpZCI6NDYwNCwidXJsIjoiaHR0cHM6XC9cL2NlcmFtaXRhZ2UuZXVcL3dwLWNvbnRlbnRcL3VwbG9hZHNcLzIwMjRcLzA3XC8yNy4wMy4yMDI0LXIuLTMuanBnIn0%3D\">\n\t\t\t\t\t<div class=\"e-gallery-image elementor-gallery-item__image\" data-thumbnail=\"https:\/\/ceramitage.eu\/wp-content\/uploads\/2024\/07\/27.03.2024-r.-3-768x1364.jpg\" data-width=\"768\" data-height=\"1364\" aria-label=\"\" role=\"img\" ><\/div>\n\t\t\t\t\t\t\t\t\t\t\t<div class=\"elementor-gallery-item__overlay\"><\/div>\n\t\t\t\t\t\t\t\t\t\t\t\t\t\t<\/a>\n\t\t\t\t\t\t\t<a class=\"e-gallery-item elementor-gallery-item elementor-animated-content\" href=\"https:\/\/ceramitage.eu\/wp-content\/uploads\/2024\/07\/27.03.2024-r.-4.jpg\" data-elementor-open-lightbox=\"yes\" data-elementor-lightbox-title=\"Zaproszenie na otwarcie pa\u0142acyku\" data-e-action-hash=\"#elementor-action%3Aaction%3Dlightbox%26settings%3DeyJpZCI6NDYwNywidXJsIjoiaHR0cHM6XC9cL2NlcmFtaXRhZ2UuZXVcL3dwLWNvbnRlbnRcL3VwbG9hZHNcLzIwMjRcLzA3XC8yNy4wMy4yMDI0LXIuLTQuanBnIn0%3D\">\n\t\t\t\t\t<div class=\"e-gallery-image elementor-gallery-item__image\" data-thumbnail=\"https:\/\/ceramitage.eu\/wp-content\/uploads\/2024\/07\/27.03.2024-r.-4-768x999.jpg\" data-width=\"768\" data-height=\"999\" aria-label=\"\" role=\"img\" ><\/div>\n\t\t\t\t\t\t\t\t\t\t\t<div class=\"elementor-gallery-item__overlay\"><\/div>\n\t\t\t\t\t\t\t\t\t\t\t\t\t\t<\/a>\n\t\t\t\t\t<\/div>\n\t\t\t<\/div>\n\t\t\t\t<\/div>\n\t\t\t\t\t<\/div>\n\t\t<\/div>\n\t\t\t\t\t<\/div>\n\t\t<\/section>\n\t\t\t\t<section class=\"elementor-section elementor-inner-section elementor-element elementor-element-da13bd2 elementor-section-boxed elementor-section-height-default elementor-section-height-default\" data-id=\"da13bd2\" data-element_type=\"section\" data-settings=\"{&quot;jet_parallax_layout_list&quot;:[]}\">\n\t\t\t\t\t\t<div class=\"elementor-container elementor-column-gap-default\">\n\t\t\t\t\t<div class=\"elementor-column elementor-col-50 elementor-inner-column elementor-element elementor-element-0857912\" data-id=\"0857912\" data-element_type=\"column\">\n\t\t\t<div class=\"elementor-widget-wrap elementor-element-populated\">\n\t\t\t\t\t\t<div class=\"elementor-element elementor-element-d711590 elementor-widget elementor-widget-gallery\" data-id=\"d711590\" data-element_type=\"widget\" data-settings=\"{&quot;gallery_layout&quot;:&quot;masonry&quot;,&quot;columns&quot;:2,&quot;lazyload&quot;:&quot;yes&quot;,&quot;columns_tablet&quot;:2,&quot;columns_mobile&quot;:1,&quot;gap&quot;:{&quot;unit&quot;:&quot;px&quot;,&quot;size&quot;:10,&quot;sizes&quot;:[]},&quot;gap_tablet&quot;:{&quot;unit&quot;:&quot;px&quot;,&quot;size&quot;:10,&quot;sizes&quot;:[]},&quot;gap_mobile&quot;:{&quot;unit&quot;:&quot;px&quot;,&quot;size&quot;:10,&quot;sizes&quot;:[]},&quot;link_to&quot;:&quot;file&quot;,&quot;overlay_background&quot;:&quot;yes&quot;,&quot;content_hover_animation&quot;:&quot;fade-in&quot;}\" data-widget_type=\"gallery.default\">\n\t\t\t\t<div class=\"elementor-widget-container\">\n\t\t\t\t\t<div class=\"elementor-gallery__container\">\n\t\t\t\t\t\t\t<a class=\"e-gallery-item elementor-gallery-item elementor-animated-content\" href=\"https:\/\/ceramitage.eu\/wp-content\/uploads\/2024\/07\/27.03.2024-r.-7.jpg\" data-elementor-open-lightbox=\"yes\" data-elementor-lightbox-title=\"Zaproszenie na otwarcie pa\u0142acyku\" data-e-action-hash=\"#elementor-action%3Aaction%3Dlightbox%26settings%3DeyJpZCI6NDYxMCwidXJsIjoiaHR0cHM6XC9cL2NlcmFtaXRhZ2UuZXVcL3dwLWNvbnRlbnRcL3VwbG9hZHNcLzIwMjRcLzA3XC8yNy4wMy4yMDI0LXIuLTcuanBnIn0%3D\">\n\t\t\t\t\t<div class=\"e-gallery-image elementor-gallery-item__image\" data-thumbnail=\"https:\/\/ceramitage.eu\/wp-content\/uploads\/2024\/07\/27.03.2024-r.-7-768x1259.jpg\" data-width=\"768\" data-height=\"1259\" aria-label=\"\" role=\"img\" ><\/div>\n\t\t\t\t\t\t\t\t\t\t\t<div class=\"elementor-gallery-item__overlay\"><\/div>\n\t\t\t\t\t\t\t\t\t\t\t\t\t\t<\/a>\n\t\t\t\t\t\t\t<a class=\"e-gallery-item elementor-gallery-item elementor-animated-content\" href=\"https:\/\/ceramitage.eu\/wp-content\/uploads\/2024\/07\/27.03.2024-r.-5.jpg\" data-elementor-open-lightbox=\"yes\" data-elementor-lightbox-title=\"Zaproszenie na otwarcie pa\u0142acyku\" data-e-action-hash=\"#elementor-action%3Aaction%3Dlightbox%26settings%3DeyJpZCI6NDYxMywidXJsIjoiaHR0cHM6XC9cL2NlcmFtaXRhZ2UuZXVcL3dwLWNvbnRlbnRcL3VwbG9hZHNcLzIwMjRcLzA3XC8yNy4wMy4yMDI0LXIuLTUuanBnIn0%3D\">\n\t\t\t\t\t<div class=\"e-gallery-image elementor-gallery-item__image\" data-thumbnail=\"https:\/\/ceramitage.eu\/wp-content\/uploads\/2024\/07\/27.03.2024-r.-5-768x1364.jpg\" data-width=\"768\" data-height=\"1364\" aria-label=\"\" role=\"img\" ><\/div>\n\t\t\t\t\t\t\t\t\t\t\t<div class=\"elementor-gallery-item__overlay\"><\/div>\n\t\t\t\t\t\t\t\t\t\t\t\t\t\t<\/a>\n\t\t\t\t\t\t\t<a class=\"e-gallery-item elementor-gallery-item elementor-animated-content\" href=\"https:\/\/ceramitage.eu\/wp-content\/uploads\/2024\/07\/27.03.2024-r.-6.jpg\" data-elementor-open-lightbox=\"yes\" data-elementor-lightbox-title=\"Zaproszenie na otwarcie pa\u0142acyku\" data-e-action-hash=\"#elementor-action%3Aaction%3Dlightbox%26settings%3DeyJpZCI6NDYxNiwidXJsIjoiaHR0cHM6XC9cL2NlcmFtaXRhZ2UuZXVcL3dwLWNvbnRlbnRcL3VwbG9hZHNcLzIwMjRcLzA3XC8yNy4wMy4yMDI0LXIuLTYuanBnIn0%3D\">\n\t\t\t\t\t<div class=\"e-gallery-image elementor-gallery-item__image\" data-thumbnail=\"https:\/\/ceramitage.eu\/wp-content\/uploads\/2024\/07\/27.03.2024-r.-6-768x1365.jpg\" data-width=\"768\" data-height=\"1365\" aria-label=\"\" role=\"img\" ><\/div>\n\t\t\t\t\t\t\t\t\t\t\t<div class=\"elementor-gallery-item__overlay\"><\/div>\n\t\t\t\t\t\t\t\t\t\t\t\t\t\t<\/a>\n\t\t\t\t\t<\/div>\n\t\t\t<\/div>\n\t\t\t\t<\/div>\n\t\t\t\t\t<\/div>\n\t\t<\/div>\n\t\t\t\t<div class=\"elementor-column elementor-col-50 elementor-inner-column elementor-element elementor-element-d399501\" data-id=\"d399501\" data-element_type=\"column\">\n\t\t\t<div class=\"elementor-widget-wrap elementor-element-populated\">\n\t\t\t\t\t\t<div class=\"elementor-element elementor-element-2572ab1 elementor-widget elementor-widget-text-editor\" data-id=\"2572ab1\" data-element_type=\"widget\" data-widget_type=\"text-editor.default\">\n\t\t\t\t<div class=\"elementor-widget-container\">\n\t\t\t\t\t\t\t<p>Po zako\u0144czeniu cz\u0119\u015bci oficjalnej otwarte zostan\u0105 bramy nowej siedziby Muzeum Ceramiki. We wn\u0119trzach Pa\u0142acyku na zwiedzaj\u0105cych czeka\u0107 b\u0119d\u0105, opr\u00f3cz nowatorskich ekspozycji \u0142\u0105cz\u0105cych histori\u0119 ceramiki z dziejami miasta, r\u00f3wnie\u017c inne atrakcje, m.in. dwie zjawiskowe wystawy czasowe: \u201cEuropejski Szlak Ceramiki: w\u0142oski fajans z Faenzy i Deruty\u201d oraz \u201cEuropejski Szlak Ceramiki: norweska porcelana z Porsgrunn\u201d. Go\u015bcie odwiedzaj\u0105cy muzeum b\u0119d\u0105 mogli wzi\u0105\u0107 udzia\u0142 w otwartych warsztatach dekorowania wyrob\u00f3w porcelanowych, prowadzonych przez pracownik\u00f3w norweskiego Porselensmuseet w Porsgrunn \u2013 Telemark Museum. Dla mi\u0142o\u015bnik\u00f3w historii miasta przygotowana zosta\u0142a tak\u017ce loteria, a na ka\u017cdego go\u015bcia czeka\u0107 b\u0119dzie r\u00f3wnie\u017c pami\u0105tkowy upominek.<\/p>\t\t\t\t\t\t<\/div>\n\t\t\t\t<\/div>\n\t\t\t\t\t<\/div>\n\t\t<\/div>\n\t\t\t\t\t<\/div>\n\t\t<\/section>\n\t\t\t\t<section class=\"elementor-section elementor-inner-section elementor-element elementor-element-9efcdb1 elementor-section-boxed elementor-section-height-default elementor-section-height-default\" data-id=\"9efcdb1\" data-element_type=\"section\" data-settings=\"{&quot;jet_parallax_layout_list&quot;:[]}\">\n\t\t\t\t\t\t<div class=\"elementor-container elementor-column-gap-default\">\n\t\t\t\t\t<div class=\"elementor-column elementor-col-50 elementor-inner-column elementor-element elementor-element-d385d65\" data-id=\"d385d65\" data-element_type=\"column\">\n\t\t\t<div class=\"elementor-widget-wrap elementor-element-populated\">\n\t\t\t\t\t\t<div class=\"elementor-element elementor-element-1c96cd3 elementor-widget elementor-widget-text-editor\" data-id=\"1c96cd3\" data-element_type=\"widget\" data-widget_type=\"text-editor.default\">\n\t\t\t\t<div class=\"elementor-widget-container\">\n\t\t\t\t\t\t\t<p>Wydarzenie b\u0119dzie zwie\u0144czeniem wieloletniego wysi\u0142ku Gminy Miejskiej Boles\u0142awiec oraz Muzeum Ceramiki, maj\u0105cego na celu w\u0142\u0105czenie Boles\u0142awca do presti\u017cowej, europejskiej wsp\u00f3lnoty o\u015brodk\u00f3w ceramicznych tworz\u0105cych Europejski Szlak Ceramiki. Do\u0142\u0105czenie do ESC i remont zabytkowego pa\u0142acyku by\u0142o mo\u017cliwe dzi\u0119ki wsp\u00f3\u0142pracy z norweskim partnerem \u2013 Telemark Museum w Skien \u2013 w ramach projektu \u201cPolska i Norwegia na Europejskim Szlaku Ceramiki: w\u0142\u0105czenie Boles\u0142awca i Porsgrunn do mi\u0119dzynarodowej sieci wsp\u00f3\u0142pracy miast o tradycjach ceramicznych\u201d. Projekt ten zosta\u0142 dofinansowany ze \u015brodk\u00f3w Mechanizmu Finansowego Europejskiego Obszaru Gospodarczego w ramach Programu \u201cKultura\u201d realizowanego przez Ministerstwo Kultury i Dziedzictwa Narodowego.<\/p>\t\t\t\t\t\t<\/div>\n\t\t\t\t<\/div>\n\t\t\t\t\t<\/div>\n\t\t<\/div>\n\t\t\t\t<div class=\"elementor-column elementor-col-50 elementor-inner-column elementor-element elementor-element-2541e5e\" data-id=\"2541e5e\" data-element_type=\"column\">\n\t\t\t<div class=\"elementor-widget-wrap elementor-element-populated\">\n\t\t\t\t\t\t<div class=\"elementor-element elementor-element-45d7153 elementor-widget elementor-widget-gallery\" data-id=\"45d7153\" data-element_type=\"widget\" data-settings=\"{&quot;columns&quot;:1,&quot;lazyload&quot;:&quot;yes&quot;,&quot;gallery_layout&quot;:&quot;grid&quot;,&quot;columns_tablet&quot;:2,&quot;columns_mobile&quot;:1,&quot;gap&quot;:{&quot;unit&quot;:&quot;px&quot;,&quot;size&quot;:10,&quot;sizes&quot;:[]},&quot;gap_tablet&quot;:{&quot;unit&quot;:&quot;px&quot;,&quot;size&quot;:10,&quot;sizes&quot;:[]},&quot;gap_mobile&quot;:{&quot;unit&quot;:&quot;px&quot;,&quot;size&quot;:10,&quot;sizes&quot;:[]},&quot;link_to&quot;:&quot;file&quot;,&quot;aspect_ratio&quot;:&quot;3:2&quot;,&quot;overlay_background&quot;:&quot;yes&quot;,&quot;content_hover_animation&quot;:&quot;fade-in&quot;}\" data-widget_type=\"gallery.default\">\n\t\t\t\t<div class=\"elementor-widget-container\">\n\t\t\t\t\t<div class=\"elementor-gallery__container\">\n\t\t\t\t\t\t\t<a class=\"e-gallery-item elementor-gallery-item elementor-animated-content\" href=\"https:\/\/ceramitage.eu\/wp-content\/uploads\/2024\/07\/27.03.2024-r.-8.jpg\" data-elementor-open-lightbox=\"yes\" data-elementor-lightbox-title=\"Zaproszenie na otwarcie pa\u0142acyku\" data-e-action-hash=\"#elementor-action%3Aaction%3Dlightbox%26settings%3DeyJpZCI6NDYxOSwidXJsIjoiaHR0cHM6XC9cL2NlcmFtaXRhZ2UuZXVcL3dwLWNvbnRlbnRcL3VwbG9hZHNcLzIwMjRcLzA3XC8yNy4wMy4yMDI0LXIuLTguanBnIn0%3D\">\n\t\t\t\t\t<div class=\"e-gallery-image elementor-gallery-item__image\" data-thumbnail=\"https:\/\/ceramitage.eu\/wp-content\/uploads\/2024\/07\/27.03.2024-r.-8-768x1364.jpg\" data-width=\"768\" data-height=\"1364\" aria-label=\"\" role=\"img\" ><\/div>\n\t\t\t\t\t\t\t\t\t\t\t<div class=\"elementor-gallery-item__overlay\"><\/div>\n\t\t\t\t\t\t\t\t\t\t\t\t\t\t<\/a>\n\t\t\t\t\t\t\t<a class=\"e-gallery-item elementor-gallery-item elementor-animated-content\" href=\"https:\/\/ceramitage.eu\/wp-content\/uploads\/2024\/07\/27.03.2024-r.-9.jpg\" data-elementor-open-lightbox=\"yes\" data-elementor-lightbox-title=\"Zaproszenie na otwarcie pa\u0142acyku\" data-e-action-hash=\"#elementor-action%3Aaction%3Dlightbox%26settings%3DeyJpZCI6NDYyMiwidXJsIjoiaHR0cHM6XC9cL2NlcmFtaXRhZ2UuZXVcL3dwLWNvbnRlbnRcL3VwbG9hZHNcLzIwMjRcLzA3XC8yNy4wMy4yMDI0LXIuLTkuanBnIn0%3D\">\n\t\t\t\t\t<div class=\"e-gallery-image elementor-gallery-item__image\" data-thumbnail=\"https:\/\/ceramitage.eu\/wp-content\/uploads\/2024\/07\/27.03.2024-r.-9-768x432.jpg\" data-width=\"768\" data-height=\"432\" aria-label=\"\" role=\"img\" ><\/div>\n\t\t\t\t\t\t\t\t\t\t\t<div class=\"elementor-gallery-item__overlay\"><\/div>\n\t\t\t\t\t\t\t\t\t\t\t\t\t\t<\/a>\n\t\t\t\t\t\t\t<a class=\"e-gallery-item elementor-gallery-item elementor-animated-content\" href=\"https:\/\/ceramitage.eu\/wp-content\/uploads\/2024\/07\/27.03.2024-r.-10.jpg\" data-elementor-open-lightbox=\"yes\" data-elementor-lightbox-title=\"Zaproszenie na otwarcie pa\u0142acyku\" data-e-action-hash=\"#elementor-action%3Aaction%3Dlightbox%26settings%3DeyJpZCI6NDYyNSwidXJsIjoiaHR0cHM6XC9cL2NlcmFtaXRhZ2UuZXVcL3dwLWNvbnRlbnRcL3VwbG9hZHNcLzIwMjRcLzA3XC8yNy4wMy4yMDI0LXIuLTEwLmpwZyJ9\">\n\t\t\t\t\t<div class=\"e-gallery-image elementor-gallery-item__image\" data-thumbnail=\"https:\/\/ceramitage.eu\/wp-content\/uploads\/2024\/07\/27.03.2024-r.-10-768x442.jpg\" data-width=\"768\" data-height=\"442\" aria-label=\"\" role=\"img\" ><\/div>\n\t\t\t\t\t\t\t\t\t\t\t<div class=\"elementor-gallery-item__overlay\"><\/div>\n\t\t\t\t\t\t\t\t\t\t\t\t\t\t<\/a>\n\t\t\t\t\t<\/div>\n\t\t\t<\/div>\n\t\t\t\t<\/div>\n\t\t\t\t\t<\/div>\n\t\t<\/div>\n\t\t\t\t\t<\/div>\n\t\t<\/section>\n\t\t\t\t<div class=\"elementor-element elementor-element-cc76089 elementor-widget elementor-widget-text-editor\" data-id=\"cc76089\" data-element_type=\"widget\" data-widget_type=\"text-editor.default\">\n\t\t\t\t<div class=\"elementor-widget-container\">\n\t\t\t\t\t\t\t<p>Projekt rewitalizacji pa\u0142acyku P\u00fccklera przygotowa\u0142a pracownia TOYA DESIGN, prace budowlane przeprowadzi\u0142a firma Lindner Polska Sp. z o.o., natomiast aran\u017cacj\u0119 ekspozycji wystawy sta\u0142ej zrealizowa\u0142a firma Ejsak Group. Prace projektowe i realizacyjne zosta\u0142y przeprowadzone w \u015bcis\u0142ej wsp\u00f3\u0142pracy z pracownikami Muzeum Ceramiki.<\/p>\t\t\t\t\t\t<\/div>\n\t\t\t\t<\/div>\n\t\t\t\t\t<\/div>\n\t\t<\/div>\n\t\t\t\t\t<\/div>\n\t\t<\/section>\n\t\t\t\t<\/div>\n\t\t","protected":false},"excerpt":{"rendered":"<p>Ju\u017c w \u015brod\u0119, 3 kwietnia 2024 r. o godzinie 19.00 przy ul. Zgorzeleckiej 28\/29 wielkie otwarcie nowej siedziby Muzeum Ceramiki w Boles\u0142awcu w dawnym pa\u0142acyku P\u00fccklera. Mieszka\u0144c\u00f3w Boles\u0142awca oraz entuzjast\u00f3w ceramiki z ca\u0142ej Polski na uroczyste, pe\u0142ne wra\u017ce\u0144 wydarzenie zaprasza Piotr Roman \u2013 Prezydent Miasta Boles\u0142awiec. Oficjalnie otwarcie rozpocznie si\u0119 o godzinie 19:00 na terenie [&hellip;]<\/p>\n","protected":false},"author":3,"featured_media":4594,"comment_status":"closed","ping_status":"closed","sticky":false,"template":"","format":"standard","meta":{"footnotes":""},"categories":[23],"tags":[],"class_list":["post-4597","post","type-post","status-publish","format-standard","has-post-thumbnail","hentry","category-aktualnosci-en"],"_links":{"self":[{"href":"https:\/\/ceramitage.eu\/en\/wp-json\/wp\/v2\/posts\/4597","targetHints":{"allow":["GET"]}}],"collection":[{"href":"https:\/\/ceramitage.eu\/en\/wp-json\/wp\/v2\/posts"}],"about":[{"href":"https:\/\/ceramitage.eu\/en\/wp-json\/wp\/v2\/types\/post"}],"author":[{"embeddable":true,"href":"https:\/\/ceramitage.eu\/en\/wp-json\/wp\/v2\/users\/3"}],"replies":[{"embeddable":true,"href":"https:\/\/ceramitage.eu\/en\/wp-json\/wp\/v2\/comments?post=4597"}],"version-history":[{"count":8,"href":"https:\/\/ceramitage.eu\/en\/wp-json\/wp\/v2\/posts\/4597\/revisions"}],"predecessor-version":[{"id":4645,"href":"https:\/\/ceramitage.eu\/en\/wp-json\/wp\/v2\/posts\/4597\/revisions\/4645"}],"wp:featuredmedia":[{"embeddable":true,"href":"https:\/\/ceramitage.eu\/en\/wp-json\/wp\/v2\/media\/4594"}],"wp:attachment":[{"href":"https:\/\/ceramitage.eu\/en\/wp-json\/wp\/v2\/media?parent=4597"}],"wp:term":[{"taxonomy":"category","embeddable":true,"href":"https:\/\/ceramitage.eu\/en\/wp-json\/wp\/v2\/categories?post=4597"},{"taxonomy":"post_tag","embeddable":true,"href":"https:\/\/ceramitage.eu\/en\/wp-json\/wp\/v2\/tags?post=4597"}],"curies":[{"name":"wp","href":"https:\/\/api.w.org\/{rel}","templated":true}]}}