{"id":2228,"date":"2022-09-04T09:40:00","date_gmt":"2022-09-04T07:40:00","guid":{"rendered":"https:\/\/ceramitage.eu\/?p=2228"},"modified":"2023-09-22T09:25:33","modified_gmt":"2023-09-22T07:25:33","slug":"steintoy-fra-boleslawiec-og-porselen-fra-porsgrunn-pa-festivalen-argilla-italia-2022","status":"publish","type":"post","link":"https:\/\/ceramitage.eu\/no\/steintoy-fra-boleslawiec-og-porselen-fra-porsgrunn-pa-festivalen-argilla-italia-2022\/","title":{"rendered":"Steint\u00f8y fra Boleslawiec og porselen fra Porsgrunn p\u00e5 festivalen Argill\u00e0 Italia 2022"},"content":{"rendered":"\t\t<div data-elementor-type=\"wp-post\" data-elementor-id=\"2228\" class=\"elementor elementor-2228\" data-elementor-post-type=\"post\">\n\t\t\t\t\t\t<section class=\"elementor-section elementor-top-section elementor-element elementor-element-542ab2ae elementor-section-boxed elementor-section-height-default elementor-section-height-default\" data-id=\"542ab2ae\" data-element_type=\"section\" data-settings=\"{&quot;jet_parallax_layout_list&quot;:[]}\">\n\t\t\t\t\t\t<div class=\"elementor-container elementor-column-gap-default\">\n\t\t\t\t\t<div class=\"elementor-column elementor-col-100 elementor-top-column elementor-element elementor-element-5a3b74f9\" data-id=\"5a3b74f9\" data-element_type=\"column\">\n\t\t\t<div class=\"elementor-widget-wrap elementor-element-populated\">\n\t\t\t\t\t\t<div class=\"elementor-element elementor-element-7783aa11 elementor-widget elementor-widget-text-editor\" data-id=\"7783aa11\" data-element_type=\"widget\" data-widget_type=\"text-editor.default\">\n\t\t\t\t<div class=\"elementor-widget-container\">\n\t\t\t\t\t\t\t<!-- wp:paragraph -->\n<p>W dniach 2-4.09.2022 r. w ramach mi\u0119dzynarodowego festiwalu ceramiki Argill\u00e0 Italia odbywaj\u0105cego si\u0119 we w\u0142oskiej Faenzie pokaz toczenia na kole zaprezentowa\u0142 zwi\u0105zany z Boles\u0142awcem artysta Mateusz Grobelny.&nbsp;<\/p>\n<!-- \/wp:paragraph -->\n\n<!-- wp:paragraph -->\n<p>Efektem trzech dni jego pracy by\u0142a instalacja artystyczna, inspirowana fabrycznymi wn\u0119trzami i charakterystycznym dla boles\u0142awieckiej ceramiki kolorem kobaltowym. Ceramiczna \u015bciana, sk\u0142adaj\u0105ca si\u0119 z powtarzalnych, toczonych na kole, schn\u0105cych na s\u0142o\u0144cu form, spi\u0119trzonych w kilku poziomach, przywodzi na my\u015bl magazyny biskwitu. Happening by\u0142 wydarzeniem promuj\u0105cym Boles\u0142awiec jako europejski o\u015brodek produkcji kamionki. Dzia\u0142ania artysty spotka\u0142y si\u0119 z ogromnym zainteresowaniem mi\u0142o\u015bnik\u00f3w ceramiki, przyby\u0142ych do Faenzy z ca\u0142ego \u015bwiata.&nbsp;<\/p>\n<!-- \/wp:paragraph -->\t\t\t\t\t\t<\/div>\n\t\t\t\t<\/div>\n\t\t\t\t\t<\/div>\n\t\t<\/div>\n\t\t\t\t\t<\/div>\n\t\t<\/section>\n\t\t\t\t<section class=\"elementor-section elementor-top-section elementor-element elementor-element-bdf479e elementor-section-boxed elementor-section-height-default elementor-section-height-default\" data-id=\"bdf479e\" data-element_type=\"section\" data-settings=\"{&quot;jet_parallax_layout_list&quot;:[]}\">\n\t\t\t\t\t\t<div class=\"elementor-container elementor-column-gap-default\">\n\t\t\t\t\t<div class=\"elementor-column elementor-col-100 elementor-top-column elementor-element elementor-element-a27b051\" data-id=\"a27b051\" data-element_type=\"column\">\n\t\t\t<div class=\"elementor-widget-wrap elementor-element-populated\">\n\t\t\t\t\t\t<div class=\"elementor-element elementor-element-57315eb gallery-spacing-custom elementor-widget elementor-widget-image-gallery\" data-id=\"57315eb\" data-element_type=\"widget\" data-widget_type=\"image-gallery.default\">\n\t\t\t\t<div class=\"elementor-widget-container\">\n\t\t\t\t\t<div class=\"elementor-image-gallery\">\n\t\t\t<div id='gallery-1' class='gallery galleryid-2228 gallery-columns-4 gallery-size-post-thumbnail'><figure class='gallery-item'>\n\t\t\t<div class='gallery-icon landscape'>\n\t\t\t\t<a data-elementor-open-lightbox=\"yes\" data-elementor-lightbox-slideshow=\"57315eb\" data-elementor-lightbox-title=\"grobelny wlochy1\" data-e-action-hash=\"#elementor-action%3Aaction%3Dlightbox%26settings%3DeyJpZCI6MzgzMiwidXJsIjoiaHR0cHM6XC9cL2NlcmFtaXRhZ2UuZXVcL3dwLWNvbnRlbnRcL3VwbG9hZHNcLzIwMjNcLzA5XC9ncm9iZWxueS13bG9jaHkxLmpwZyIsInNsaWRlc2hvdyI6IjU3MzE1ZWIifQ%3D%3D\" href='https:\/\/ceramitage.eu\/wp-content\/uploads\/2023\/09\/grobelny-wlochy1.jpg'><img fetchpriority=\"high\" decoding=\"async\" width=\"370\" height=\"265\" src=\"https:\/\/ceramitage.eu\/wp-content\/uploads\/2023\/09\/grobelny-wlochy1-370x265.jpg\" class=\"attachment-post-thumbnail size-post-thumbnail\" alt=\"\" \/><\/a>\n\t\t\t<\/div><\/figure><figure class='gallery-item'>\n\t\t\t<div class='gallery-icon landscape'>\n\t\t\t\t<a data-elementor-open-lightbox=\"yes\" data-elementor-lightbox-slideshow=\"57315eb\" data-elementor-lightbox-title=\"IMG_1196\" data-e-action-hash=\"#elementor-action%3Aaction%3Dlightbox%26settings%3DeyJpZCI6MzgzNSwidXJsIjoiaHR0cHM6XC9cL2NlcmFtaXRhZ2UuZXVcL3dwLWNvbnRlbnRcL3VwbG9hZHNcLzIwMjNcLzA5XC9JTUdfMTE5Ni5qcGciLCJzbGlkZXNob3ciOiI1NzMxNWViIn0%3D\" href='https:\/\/ceramitage.eu\/wp-content\/uploads\/2023\/09\/IMG_1196.jpg'><img decoding=\"async\" width=\"370\" height=\"265\" src=\"https:\/\/ceramitage.eu\/wp-content\/uploads\/2023\/09\/IMG_1196-370x265.jpg\" class=\"attachment-post-thumbnail size-post-thumbnail\" alt=\"\" \/><\/a>\n\t\t\t<\/div><\/figure><figure class='gallery-item'>\n\t\t\t<div class='gallery-icon landscape'>\n\t\t\t\t<a data-elementor-open-lightbox=\"yes\" data-elementor-lightbox-slideshow=\"57315eb\" data-elementor-lightbox-title=\"IMG_1198\" data-e-action-hash=\"#elementor-action%3Aaction%3Dlightbox%26settings%3DeyJpZCI6MzgzOCwidXJsIjoiaHR0cHM6XC9cL2NlcmFtaXRhZ2UuZXVcL3dwLWNvbnRlbnRcL3VwbG9hZHNcLzIwMjNcLzA5XC9JTUdfMTE5OC5qcGciLCJzbGlkZXNob3ciOiI1NzMxNWViIn0%3D\" href='https:\/\/ceramitage.eu\/wp-content\/uploads\/2023\/09\/IMG_1198.jpg'><img decoding=\"async\" width=\"370\" height=\"265\" src=\"https:\/\/ceramitage.eu\/wp-content\/uploads\/2023\/09\/IMG_1198-370x265.jpg\" class=\"attachment-post-thumbnail size-post-thumbnail\" alt=\"\" \/><\/a>\n\t\t\t<\/div><\/figure><figure class='gallery-item'>\n\t\t\t<div class='gallery-icon landscape'>\n\t\t\t\t<a data-elementor-open-lightbox=\"yes\" data-elementor-lightbox-slideshow=\"57315eb\" data-elementor-lightbox-title=\"IMG_1201\" data-e-action-hash=\"#elementor-action%3Aaction%3Dlightbox%26settings%3DeyJpZCI6Mzg0MSwidXJsIjoiaHR0cHM6XC9cL2NlcmFtaXRhZ2UuZXVcL3dwLWNvbnRlbnRcL3VwbG9hZHNcLzIwMjNcLzA5XC9JTUdfMTIwMS5qcGciLCJzbGlkZXNob3ciOiI1NzMxNWViIn0%3D\" href='https:\/\/ceramitage.eu\/wp-content\/uploads\/2023\/09\/IMG_1201.jpg'><img loading=\"lazy\" decoding=\"async\" width=\"370\" height=\"265\" src=\"https:\/\/ceramitage.eu\/wp-content\/uploads\/2023\/09\/IMG_1201-370x265.jpg\" class=\"attachment-post-thumbnail size-post-thumbnail\" alt=\"\" \/><\/a>\n\t\t\t<\/div><\/figure><figure class='gallery-item'>\n\t\t\t<div class='gallery-icon portrait'>\n\t\t\t\t<a data-elementor-open-lightbox=\"yes\" data-elementor-lightbox-slideshow=\"57315eb\" data-elementor-lightbox-title=\"Mateusz-Grobelny-w-Faenzie-4\" data-e-action-hash=\"#elementor-action%3Aaction%3Dlightbox%26settings%3DeyJpZCI6Mzg0NCwidXJsIjoiaHR0cHM6XC9cL2NlcmFtaXRhZ2UuZXVcL3dwLWNvbnRlbnRcL3VwbG9hZHNcLzIwMjNcLzA5XC9NYXRldXN6LUdyb2JlbG55LXctRmFlbnppZS00LmpwZyIsInNsaWRlc2hvdyI6IjU3MzE1ZWIifQ%3D%3D\" href='https:\/\/ceramitage.eu\/wp-content\/uploads\/2023\/09\/Mateusz-Grobelny-w-Faenzie-4.jpg'><img loading=\"lazy\" decoding=\"async\" width=\"370\" height=\"265\" src=\"https:\/\/ceramitage.eu\/wp-content\/uploads\/2023\/09\/Mateusz-Grobelny-w-Faenzie-4-370x265.jpg\" class=\"attachment-post-thumbnail size-post-thumbnail\" alt=\"\" \/><\/a>\n\t\t\t<\/div><\/figure>\n\t\t<\/div>\n\t\t<\/div>\n\t\t\t\t<\/div>\n\t\t\t\t<\/div>\n\t\t\t\t\t<\/div>\n\t\t<\/div>\n\t\t\t\t\t<\/div>\n\t\t<\/section>\n\t\t\t\t<\/div>\n\t\t","protected":false},"excerpt":{"rendered":"<p>S\u00f8ndag 4. september 2022 avsluttet Europas st\u00f8rste keramikkfestival, Argill\u00e0 Italia 2022, som samlet tusenvis av bes\u00f8kende fra hele verden. Et av arrangementene under \u00e5rets festival var en utstilling av moderne keramikk fra Boleslawiec og norsk porselen fra Porsgrunn. \u00c5pningen ble ledet av Massimo Isola (ordf\u00f8rer i Faenza) og Benedetta Diamanti (direkt\u00f8r for Den europeiske keramikkruten). [&hellip;]<\/p>\n","protected":false},"author":1,"featured_media":3832,"comment_status":"closed","ping_status":"closed","sticky":false,"template":"","format":"standard","meta":{"footnotes":""},"categories":[1,29],"tags":[],"class_list":["post-2228","post","type-post","status-publish","format-standard","has-post-thumbnail","hentry","category-bez-kategorii","category-news"],"_links":{"self":[{"href":"https:\/\/ceramitage.eu\/no\/wp-json\/wp\/v2\/posts\/2228","targetHints":{"allow":["GET"]}}],"collection":[{"href":"https:\/\/ceramitage.eu\/no\/wp-json\/wp\/v2\/posts"}],"about":[{"href":"https:\/\/ceramitage.eu\/no\/wp-json\/wp\/v2\/types\/post"}],"author":[{"embeddable":true,"href":"https:\/\/ceramitage.eu\/no\/wp-json\/wp\/v2\/users\/1"}],"replies":[{"embeddable":true,"href":"https:\/\/ceramitage.eu\/no\/wp-json\/wp\/v2\/comments?post=2228"}],"version-history":[{"count":1,"href":"https:\/\/ceramitage.eu\/no\/wp-json\/wp\/v2\/posts\/2228\/revisions"}],"predecessor-version":[{"id":2229,"href":"https:\/\/ceramitage.eu\/no\/wp-json\/wp\/v2\/posts\/2228\/revisions\/2229"}],"wp:featuredmedia":[{"embeddable":true,"href":"https:\/\/ceramitage.eu\/no\/wp-json\/wp\/v2\/media\/3832"}],"wp:attachment":[{"href":"https:\/\/ceramitage.eu\/no\/wp-json\/wp\/v2\/media?parent=2228"}],"wp:term":[{"taxonomy":"category","embeddable":true,"href":"https:\/\/ceramitage.eu\/no\/wp-json\/wp\/v2\/categories?post=2228"},{"taxonomy":"post_tag","embeddable":true,"href":"https:\/\/ceramitage.eu\/no\/wp-json\/wp\/v2\/tags?post=2228"}],"curies":[{"name":"wp","href":"https:\/\/api.w.org\/{rel}","templated":true}]}}