{"id":2240,"date":"2022-08-18T09:58:00","date_gmt":"2022-08-18T07:58:00","guid":{"rendered":"https:\/\/ceramitage.eu\/szkolenie-z-zakresu-wspolpracy-sektora-przedsiebiorczosci-i-kultury-w-boleslawcu\/"},"modified":"2023-09-22T09:25:33","modified_gmt":"2023-09-22T07:25:33","slug":"szkolenie-z-zakresu-wspolpracy-sektora-przedsiebiorczosci-i-kultury-w-boleslawcu","status":"publish","type":"post","link":"https:\/\/ceramitage.eu\/no\/szkolenie-z-zakresu-wspolpracy-sektora-przedsiebiorczosci-i-kultury-w-boleslawcu\/","title":{"rendered":"Seminar om samarbeid mellom n\u00e6ringslivet og kulturlivet i Boleslawiec (18.08.2022)\u00a0"},"content":{"rendered":"\t\t<div data-elementor-type=\"wp-post\" data-elementor-id=\"2240\" class=\"elementor elementor-2240\" data-elementor-post-type=\"post\">\n\t\t\t\t\t\t<section class=\"elementor-section elementor-top-section elementor-element elementor-element-3ec14149 elementor-section-boxed elementor-section-height-default elementor-section-height-default\" data-id=\"3ec14149\" data-element_type=\"section\" data-settings=\"{&quot;jet_parallax_layout_list&quot;:[]}\">\n\t\t\t\t\t\t<div class=\"elementor-container elementor-column-gap-default\">\n\t\t\t\t\t<div class=\"elementor-column elementor-col-100 elementor-top-column elementor-element elementor-element-1f3b4b70\" data-id=\"1f3b4b70\" data-element_type=\"column\">\n\t\t\t<div class=\"elementor-widget-wrap elementor-element-populated\">\n\t\t\t\t\t\t<div class=\"elementor-element elementor-element-299ee21a elementor-widget elementor-widget-text-editor\" data-id=\"299ee21a\" data-element_type=\"widget\" data-widget_type=\"text-editor.default\">\n\t\t\t\t<div class=\"elementor-widget-container\">\n\t\t\t\t\t\t\t<!-- wp:paragraph -->\n<p>Podczas Boles\u0142awieckiego \u015awi\u0119ta Ceramiki odby\u0142o si\u0119 kilkugodzinne szkolenie z zakresu wsp\u00f3\u0142pracy sektora przedsi\u0119biorczo\u015bci i kultury, kt\u00f3rego organizatorami by\u0142y Gmina Miejska Boles\u0142awiec, Muzeum Ceramiki i Stowarzyszenie Gmin Ceramicznych RP.<\/p>\n<!-- \/wp:paragraph -->\n\n<!-- wp:paragraph -->\n<p>Szkolenie zgromadzi\u0142o liczne grono s\u0142uchaczy. W\u015br\u00f3d nich znale\u017ali si\u0119 w\u0142a\u015bciciele i pracownicy boles\u0142awieckich firm ceramicznych (Zak\u0142ad\u00f3w Ceramicznych \u201eBOLES\u0141AWIEC\u201d, Manufaktury w Boles\u0142awcu, Ceramiki \u201eMillena\u201d, Ceramiki Boles\u0142awieckiej \u201eKalich\u201d, WR Ceramiki), student\u00f3w wroc\u0142awskiej Akademii Sztuk Pi\u0119knych, pracownik\u00f3w sektora kultury oraz dolno\u015bl\u0105skich muzealnik\u00f3w.<\/p>\n<!-- \/wp:paragraph -->\n\n<!-- wp:paragraph -->\n<p>Szkolenie poprowadzili specjali\u015bci zwi\u0105zani z bran\u017c\u0105 ceramiczn\u0105, ochron\u0105 i promocj\u0105 dziedzictwa oraz pracownicy samorz\u0105du i instytucji kultury z Polski, W\u0142och i Norwegii. Wyk\u0142ady z obszernymi prezentacjami przedstawili kolejno:<\/p>\n<!-- \/wp:paragraph -->\n\n<!-- wp:list -->\n<ul><!-- wp:list-item -->\n<li>Julita Izabela Zaprucka&nbsp;(dyrektor Muzeum Karkonoskiego w Jeleniej G\u00f3rze) \u2013 \u201eZmiany we wsp\u00f3\u0142czesnym muzealnictwie \u2013 wybrane problemy\u201d;<\/li>\n<!-- \/wp:list-item -->\n\n<!-- wp:list-item -->\n<li>Bogna Oszczanowska&nbsp;(g\u0142\u00f3wny specjalista w Narodowym Instytucie Dziedzictwa Oddzia\u0142 Terenowy we Wroc\u0142awiu, koordynator Centrum Kompetencji ds. Rewitalizacji) \u2013 \u201eDziedzictwo kulturowe dla rozwoju gminy. Wybrane zagadnienia\u201d;<\/li>\n<!-- \/wp:list-item -->\n\n<!-- wp:list-item -->\n<li>Benedetta Diamanti&nbsp;(dyrektor Europejskiego Szlaku Ceramiki, Faenza) \u2013 \u201eWsp\u00f3\u0142praca biznesu z sektorem kultury: wielka szansa, jak\u0105 daj\u0105 Szlaki Kulturowe Rady Europy\u201d;<\/li>\n<!-- \/wp:list-item -->\n\n<!-- wp:list-item -->\n<li>Piotr Roman&nbsp;(prezydent Miasta Boles\u0142awiec) \u2013 \u201eStrategia wsp\u00f3\u0142pracy w dziedzinie promocji ceramiki boles\u0142awieckiej\u201d;<\/li>\n<!-- \/wp:list-item -->\n\n<!-- wp:list-item -->\n<li>Barbara Ida de Haan&nbsp;(dyrektor Telemark Museum w Skien) \u2013 \u201eWsp\u00f3\u0142praca Muzeum Porcelany w Porsgrunn (Porselensmuseet) z Fabryk\u0105 Porcelany (Porsel\u00e6nsfabrikk)\u201d;<\/li>\n<!-- \/wp:list-item -->\n\n<!-- wp:list-item -->\n<li>Domenico Iarac\u00e0 (kurator sztuki, Rzym) \u2013 \u201eLOOKING BACWARD. Dialog mi\u0119dzy dziedzictwem kulturowym a artystami-ceramikami\u201d;<\/li>\n<!-- \/wp:list-item -->\n\n<!-- wp:list-item -->\n<li>Marta Ma\u0142oszyc&nbsp;(g\u0142\u00f3wny projektant i kierownik artystyczny Zak\u0142ad\u00f3w Ceramicznych \u201eBOLES\u0141AWIEC\u201d) \u2013 \u201eDobre praktyki w zakresie kooperacji firm ceramicznych z samorz\u0105dem i instytucjami kultury\u201d.<\/li>\n<!-- \/wp:list-item -->\n\n<!-- wp:list-item -->\n<li>Anna Bober-Tubaj&nbsp;(dyrektor Muzeum Ceramiki w Boles\u0142awcu) \u201eCeramika boles\u0142awiecka \u2013 dziedzictwo kulturowe jako asumpt do funkcjonowania mi\u0119dzynarodowej sieci wsp\u00f3\u0142pracy\u201d.<\/li>\n<!-- \/wp:list-item --><\/ul>\n<!-- \/wp:list -->\n\n<!-- wp:paragraph -->\n<p>Szkolenie by\u0142o moderowane przez Barbar\u0119 Glinkowsk\u0105 i Micha\u0142a Czerniawskiego (Muzeum Ceramiki w Boles\u0142awcu).<\/p>\n<!-- \/wp:paragraph -->\t\t\t\t\t\t<\/div>\n\t\t\t\t<\/div>\n\t\t\t\t\t<\/div>\n\t\t<\/div>\n\t\t\t\t\t<\/div>\n\t\t<\/section>\n\t\t\t\t<section class=\"elementor-section elementor-top-section elementor-element elementor-element-782cad4 elementor-section-boxed elementor-section-height-default elementor-section-height-default\" data-id=\"782cad4\" data-element_type=\"section\" data-settings=\"{&quot;jet_parallax_layout_list&quot;:[]}\">\n\t\t\t\t\t\t<div class=\"elementor-container elementor-column-gap-default\">\n\t\t\t\t\t<div class=\"elementor-column elementor-col-100 elementor-top-column elementor-element elementor-element-dab4da6\" data-id=\"dab4da6\" data-element_type=\"column\">\n\t\t\t<div class=\"elementor-widget-wrap elementor-element-populated\">\n\t\t\t\t\t\t<div class=\"elementor-element elementor-element-58db380 gallery-spacing-custom elementor-widget elementor-widget-image-gallery\" data-id=\"58db380\" data-element_type=\"widget\" data-widget_type=\"image-gallery.default\">\n\t\t\t\t<div class=\"elementor-widget-container\">\n\t\t\t\t\t<div class=\"elementor-image-gallery\">\n\t\t\t<div id='gallery-1' class='gallery galleryid-2240 gallery-columns-4 gallery-size-post-thumbnail'><figure class='gallery-item'>\n\t\t\t<div class='gallery-icon landscape'>\n\t\t\t\t<a data-elementor-open-lightbox=\"yes\" data-elementor-lightbox-slideshow=\"58db380\" data-elementor-lightbox-title=\"IMG_0581\" data-e-action-hash=\"#elementor-action%3Aaction%3Dlightbox%26settings%3DeyJpZCI6Mzg4NSwidXJsIjoiaHR0cHM6XC9cL2NlcmFtaXRhZ2UuZXVcL3dwLWNvbnRlbnRcL3VwbG9hZHNcLzIwMjNcLzA5XC9JTUdfMDU4MS5qcGciLCJzbGlkZXNob3ciOiI1OGRiMzgwIn0%3D\" href='https:\/\/ceramitage.eu\/wp-content\/uploads\/2023\/09\/IMG_0581.jpg'><img fetchpriority=\"high\" decoding=\"async\" width=\"370\" height=\"265\" src=\"https:\/\/ceramitage.eu\/wp-content\/uploads\/2023\/09\/IMG_0581-370x265.jpg\" class=\"attachment-post-thumbnail size-post-thumbnail\" alt=\"\" \/><\/a>\n\t\t\t<\/div><\/figure><figure class='gallery-item'>\n\t\t\t<div class='gallery-icon landscape'>\n\t\t\t\t<a data-elementor-open-lightbox=\"yes\" data-elementor-lightbox-slideshow=\"58db380\" data-elementor-lightbox-title=\"IMG_0589\" data-e-action-hash=\"#elementor-action%3Aaction%3Dlightbox%26settings%3DeyJpZCI6Mzg4OCwidXJsIjoiaHR0cHM6XC9cL2NlcmFtaXRhZ2UuZXVcL3dwLWNvbnRlbnRcL3VwbG9hZHNcLzIwMjNcLzA5XC9JTUdfMDU4OS5qcGciLCJzbGlkZXNob3ciOiI1OGRiMzgwIn0%3D\" href='https:\/\/ceramitage.eu\/wp-content\/uploads\/2023\/09\/IMG_0589.jpg'><img decoding=\"async\" width=\"370\" height=\"265\" src=\"https:\/\/ceramitage.eu\/wp-content\/uploads\/2023\/09\/IMG_0589-370x265.jpg\" class=\"attachment-post-thumbnail size-post-thumbnail\" alt=\"\" \/><\/a>\n\t\t\t<\/div><\/figure><figure class='gallery-item'>\n\t\t\t<div class='gallery-icon landscape'>\n\t\t\t\t<a data-elementor-open-lightbox=\"yes\" data-elementor-lightbox-slideshow=\"58db380\" data-elementor-lightbox-title=\"IMG_0597\" data-e-action-hash=\"#elementor-action%3Aaction%3Dlightbox%26settings%3DeyJpZCI6Mzg5MSwidXJsIjoiaHR0cHM6XC9cL2NlcmFtaXRhZ2UuZXVcL3dwLWNvbnRlbnRcL3VwbG9hZHNcLzIwMjNcLzA5XC9JTUdfMDU5Ny5qcGciLCJzbGlkZXNob3ciOiI1OGRiMzgwIn0%3D\" href='https:\/\/ceramitage.eu\/wp-content\/uploads\/2023\/09\/IMG_0597.jpg'><img decoding=\"async\" width=\"370\" height=\"265\" src=\"https:\/\/ceramitage.eu\/wp-content\/uploads\/2023\/09\/IMG_0597-370x265.jpg\" class=\"attachment-post-thumbnail size-post-thumbnail\" alt=\"\" \/><\/a>\n\t\t\t<\/div><\/figure><figure class='gallery-item'>\n\t\t\t<div class='gallery-icon landscape'>\n\t\t\t\t<a data-elementor-open-lightbox=\"yes\" data-elementor-lightbox-slideshow=\"58db380\" data-elementor-lightbox-title=\"IMG_0606\" data-e-action-hash=\"#elementor-action%3Aaction%3Dlightbox%26settings%3DeyJpZCI6Mzg5NCwidXJsIjoiaHR0cHM6XC9cL2NlcmFtaXRhZ2UuZXVcL3dwLWNvbnRlbnRcL3VwbG9hZHNcLzIwMjNcLzA5XC9JTUdfMDYwNi5qcGciLCJzbGlkZXNob3ciOiI1OGRiMzgwIn0%3D\" href='https:\/\/ceramitage.eu\/wp-content\/uploads\/2023\/09\/IMG_0606.jpg'><img loading=\"lazy\" decoding=\"async\" width=\"370\" height=\"265\" src=\"https:\/\/ceramitage.eu\/wp-content\/uploads\/2023\/09\/IMG_0606-370x265.jpg\" class=\"attachment-post-thumbnail size-post-thumbnail\" alt=\"\" \/><\/a>\n\t\t\t<\/div><\/figure><figure class='gallery-item'>\n\t\t\t<div class='gallery-icon landscape'>\n\t\t\t\t<a data-elementor-open-lightbox=\"yes\" data-elementor-lightbox-slideshow=\"58db380\" data-elementor-lightbox-title=\"IMG_0628\" data-e-action-hash=\"#elementor-action%3Aaction%3Dlightbox%26settings%3DeyJpZCI6Mzg5NywidXJsIjoiaHR0cHM6XC9cL2NlcmFtaXRhZ2UuZXVcL3dwLWNvbnRlbnRcL3VwbG9hZHNcLzIwMjNcLzA5XC9JTUdfMDYyOC5qcGciLCJzbGlkZXNob3ciOiI1OGRiMzgwIn0%3D\" href='https:\/\/ceramitage.eu\/wp-content\/uploads\/2023\/09\/IMG_0628.jpg'><img loading=\"lazy\" decoding=\"async\" width=\"370\" height=\"265\" src=\"https:\/\/ceramitage.eu\/wp-content\/uploads\/2023\/09\/IMG_0628-370x265.jpg\" class=\"attachment-post-thumbnail size-post-thumbnail\" alt=\"\" \/><\/a>\n\t\t\t<\/div><\/figure><figure class='gallery-item'>\n\t\t\t<div class='gallery-icon landscape'>\n\t\t\t\t<a data-elementor-open-lightbox=\"yes\" data-elementor-lightbox-slideshow=\"58db380\" data-elementor-lightbox-title=\"IMG_0652\" data-e-action-hash=\"#elementor-action%3Aaction%3Dlightbox%26settings%3DeyJpZCI6MzkwMCwidXJsIjoiaHR0cHM6XC9cL2NlcmFtaXRhZ2UuZXVcL3dwLWNvbnRlbnRcL3VwbG9hZHNcLzIwMjNcLzA5XC9JTUdfMDY1Mi5qcGciLCJzbGlkZXNob3ciOiI1OGRiMzgwIn0%3D\" href='https:\/\/ceramitage.eu\/wp-content\/uploads\/2023\/09\/IMG_0652.jpg'><img loading=\"lazy\" decoding=\"async\" width=\"370\" height=\"265\" src=\"https:\/\/ceramitage.eu\/wp-content\/uploads\/2023\/09\/IMG_0652-370x265.jpg\" class=\"attachment-post-thumbnail size-post-thumbnail\" alt=\"\" \/><\/a>\n\t\t\t<\/div><\/figure><figure class='gallery-item'>\n\t\t\t<div class='gallery-icon landscape'>\n\t\t\t\t<a data-elementor-open-lightbox=\"yes\" data-elementor-lightbox-slideshow=\"58db380\" data-elementor-lightbox-title=\"IMG_0668\" data-e-action-hash=\"#elementor-action%3Aaction%3Dlightbox%26settings%3DeyJpZCI6MzkwMywidXJsIjoiaHR0cHM6XC9cL2NlcmFtaXRhZ2UuZXVcL3dwLWNvbnRlbnRcL3VwbG9hZHNcLzIwMjNcLzA5XC9JTUdfMDY2OC5qcGciLCJzbGlkZXNob3ciOiI1OGRiMzgwIn0%3D\" href='https:\/\/ceramitage.eu\/wp-content\/uploads\/2023\/09\/IMG_0668.jpg'><img loading=\"lazy\" decoding=\"async\" width=\"370\" height=\"265\" src=\"https:\/\/ceramitage.eu\/wp-content\/uploads\/2023\/09\/IMG_0668-370x265.jpg\" class=\"attachment-post-thumbnail size-post-thumbnail\" alt=\"\" \/><\/a>\n\t\t\t<\/div><\/figure>\n\t\t<\/div>\n\t\t<\/div>\n\t\t\t\t<\/div>\n\t\t\t\t<\/div>\n\t\t\t\t\t<\/div>\n\t\t<\/div>\n\t\t\t\t\t<\/div>\n\t\t<\/section>\n\t\t\t\t<\/div>\n\t\t","protected":false},"excerpt":{"rendered":"<p>Under keramikkfestivalen i Boles\u0142awiec ble det avholdt en flere timers seminar om samarbeid mellom n\u00e6ringslivet og kultursektoren, organisert av Boles\u0142awiec kommune, keramikkmuseet og sammenslutningen av keramiske samfunn i Polen.&nbsp; Oppl\u00e6ringen tiltrakk seg et stort publikum. Blant dem var eiere og ansatte i keramikkbedrifter i Boles\u0142awiec (Zak\u0142ady Ceramiczne &laquo;BOLES\u0141AWIEC&raquo;, Manufaktura i Boles\u0142awiec, Ceramika &laquo;Millena&raquo;, Ceramika Boles\u0142awiecka [&hellip;]<\/p>\n","protected":false},"author":1,"featured_media":3885,"comment_status":"closed","ping_status":"closed","sticky":false,"template":"","format":"standard","meta":{"footnotes":""},"categories":[1,29],"tags":[],"class_list":["post-2240","post","type-post","status-publish","format-standard","has-post-thumbnail","hentry","category-bez-kategorii","category-news"],"_links":{"self":[{"href":"https:\/\/ceramitage.eu\/no\/wp-json\/wp\/v2\/posts\/2240","targetHints":{"allow":["GET"]}}],"collection":[{"href":"https:\/\/ceramitage.eu\/no\/wp-json\/wp\/v2\/posts"}],"about":[{"href":"https:\/\/ceramitage.eu\/no\/wp-json\/wp\/v2\/types\/post"}],"author":[{"embeddable":true,"href":"https:\/\/ceramitage.eu\/no\/wp-json\/wp\/v2\/users\/1"}],"replies":[{"embeddable":true,"href":"https:\/\/ceramitage.eu\/no\/wp-json\/wp\/v2\/comments?post=2240"}],"version-history":[{"count":2,"href":"https:\/\/ceramitage.eu\/no\/wp-json\/wp\/v2\/posts\/2240\/revisions"}],"predecessor-version":[{"id":2244,"href":"https:\/\/ceramitage.eu\/no\/wp-json\/wp\/v2\/posts\/2240\/revisions\/2244"}],"wp:featuredmedia":[{"embeddable":true,"href":"https:\/\/ceramitage.eu\/no\/wp-json\/wp\/v2\/media\/3885"}],"wp:attachment":[{"href":"https:\/\/ceramitage.eu\/no\/wp-json\/wp\/v2\/media?parent=2240"}],"wp:term":[{"taxonomy":"category","embeddable":true,"href":"https:\/\/ceramitage.eu\/no\/wp-json\/wp\/v2\/categories?post=2240"},{"taxonomy":"post_tag","embeddable":true,"href":"https:\/\/ceramitage.eu\/no\/wp-json\/wp\/v2\/tags?post=2240"}],"curies":[{"name":"wp","href":"https:\/\/api.w.org\/{rel}","templated":true}]}}