{"id":4400,"date":"2023-06-15T12:44:00","date_gmt":"2023-06-15T10:44:00","guid":{"rendered":"https:\/\/ceramitage.eu\/elementor-4373\/"},"modified":"2024-06-26T13:29:50","modified_gmt":"2024-06-26T11:29:50","slug":"elementor-4373","status":"publish","type":"post","link":"https:\/\/ceramitage.eu\/no\/elementor-4373\/","title":{"rendered":"Wystawa ceramiki boles\u0142awieckiej w Norwegii"},"content":{"rendered":"\t\t<div data-elementor-type=\"wp-post\" data-elementor-id=\"4400\" class=\"elementor elementor-4400\" data-elementor-post-type=\"post\">\n\t\t\t\t\t\t<section class=\"elementor-section elementor-top-section elementor-element elementor-element-bb69357 elementor-section-boxed elementor-section-height-default elementor-section-height-default\" data-id=\"bb69357\" data-element_type=\"section\" data-settings=\"{&quot;jet_parallax_layout_list&quot;:[]}\">\n\t\t\t\t\t\t<div class=\"elementor-container elementor-column-gap-default\">\n\t\t\t\t\t<div class=\"elementor-column elementor-col-100 elementor-top-column elementor-element elementor-element-53b9f24\" data-id=\"53b9f24\" data-element_type=\"column\">\n\t\t\t<div class=\"elementor-widget-wrap elementor-element-populated\">\n\t\t\t\t\t\t<div class=\"elementor-element elementor-element-8e3d8c3 elementor-widget elementor-widget-post-info\" data-id=\"8e3d8c3\" data-element_type=\"widget\" data-widget_type=\"post-info.default\">\n\t\t\t\t<div class=\"elementor-widget-container\">\n\t\t\t\t\t<ul class=\"elementor-inline-items elementor-icon-list-items elementor-post-info\">\n\t\t\t\t\t\t\t\t<li class=\"elementor-icon-list-item elementor-repeater-item-c09abcd elementor-inline-item\">\n\t\t\t\t\t\t\t\t\t\t<span class=\"elementor-icon-list-icon\">\n\t\t\t\t\t\t\t\t<i aria-hidden=\"true\" class=\"far fa-tags\"><\/i>\t\t\t\t\t\t\t<\/span>\n\t\t\t\t\t\t\t\t\t<span class=\"elementor-icon-list-text elementor-post-info__item elementor-post-info__item--type-custom\">\n\t\t\t\t\t\t\t\t\t\t15.06.2023 r.\t\t\t\t\t<\/span>\n\t\t\t\t\t\t\t\t<\/li>\n\t\t\t\t<\/ul>\n\t\t\t\t<\/div>\n\t\t\t\t<\/div>\n\t\t\t\t<div class=\"elementor-element elementor-element-03e136b elementor-widget elementor-widget-text-editor\" data-id=\"03e136b\" data-element_type=\"widget\" data-widget_type=\"text-editor.default\">\n\t\t\t\t<div class=\"elementor-widget-container\">\n\t\t\t\t\t\t\t<p>W podr\u00f3\u017c do Norwegii wyruszy\u0142 kolejny efektowny zbi\u00f3r boles\u0142awieckich wyrob\u00f3w, kt\u00f3ry zaaran\u017cujemy w Muzeum Porcelany w Porsgrunn \u2013 norweskim mie\u015bcie s\u0142yn\u0105cym z wyrobu ceramiki. Wystawa organizowana jest w ramach projektu \u201cPolska i Norwegia na Europejskim Szlaku Ceramiki: w\u0142\u0105czenie Boles\u0142awca i Porsgrunn do mi\u0119dzynarodowej sieci wsp\u00f3\u0142pracy miast o tradycjach ceramicznych\u201d. Projekt obejmuje wiele r\u00f3\u017cnych przedsi\u0119wzi\u0119\u0107. Obok remontu i adaptacji pa\u0142acyku Pucklera na now\u0105 siedzib\u0119 muzeum, razem z naszymi norweskimi partnerami prowadzimy m.in. aktywn\u0105 dzia\u0142alno\u015b\u0107 promocyjn\u0105 i ekspozycyjn\u0105.<\/p>\t\t\t\t\t\t<\/div>\n\t\t\t\t<\/div>\n\t\t\t\t<section class=\"elementor-section elementor-inner-section elementor-element elementor-element-84302b3 elementor-section-boxed elementor-section-height-default elementor-section-height-default\" data-id=\"84302b3\" data-element_type=\"section\" data-settings=\"{&quot;jet_parallax_layout_list&quot;:[]}\">\n\t\t\t\t\t\t<div class=\"elementor-container elementor-column-gap-default\">\n\t\t\t\t\t<div class=\"elementor-column elementor-col-50 elementor-inner-column elementor-element elementor-element-a1036cd\" data-id=\"a1036cd\" data-element_type=\"column\">\n\t\t\t<div class=\"elementor-widget-wrap elementor-element-populated\">\n\t\t\t\t\t\t<div class=\"elementor-element elementor-element-eb7fbe2 elementor-widget elementor-widget-text-editor\" data-id=\"eb7fbe2\" data-element_type=\"widget\" data-widget_type=\"text-editor.default\">\n\t\t\t\t<div class=\"elementor-widget-container\">\n\t\t\t\t\t\t\t<p>Wernisa\u017c wystawy odb\u0119dzie si\u0119 21 czerwca o godz. 16:30 w Porselensmuseet, Porselensvegen 6b, 3920 Porsgrunn, Norwegia. Otwarciu b\u0119d\u0105 towarzyszy\u0107 r\u00f3wnie\u017c warsztaty dekorowania ceramiki metod\u0105 stempelkow\u0105 prowadzone przez naszych muzealnik\u00f3w, kt\u00f3re umo\u017cliwi\u0105 uczestnikom zapoznanie si\u0119 z technikami zdobniczymi stosowanymi w boles\u0142awieckich zak\u0142adach.<\/p>\t\t\t\t\t\t<\/div>\n\t\t\t\t<\/div>\n\t\t\t\t\t<\/div>\n\t\t<\/div>\n\t\t\t\t<div class=\"elementor-column elementor-col-50 elementor-inner-column elementor-element elementor-element-f3024c6\" data-id=\"f3024c6\" data-element_type=\"column\">\n\t\t\t<div class=\"elementor-widget-wrap elementor-element-populated\">\n\t\t\t\t\t\t<div class=\"elementor-element elementor-element-5402a17 elementor-widget elementor-widget-gallery\" data-id=\"5402a17\" data-element_type=\"widget\" data-settings=\"{&quot;gallery_layout&quot;:&quot;masonry&quot;,&quot;columns&quot;:1,&quot;lazyload&quot;:&quot;yes&quot;,&quot;columns_tablet&quot;:2,&quot;columns_mobile&quot;:1,&quot;gap&quot;:{&quot;unit&quot;:&quot;px&quot;,&quot;size&quot;:10,&quot;sizes&quot;:[]},&quot;gap_tablet&quot;:{&quot;unit&quot;:&quot;px&quot;,&quot;size&quot;:10,&quot;sizes&quot;:[]},&quot;gap_mobile&quot;:{&quot;unit&quot;:&quot;px&quot;,&quot;size&quot;:10,&quot;sizes&quot;:[]},&quot;link_to&quot;:&quot;file&quot;,&quot;overlay_background&quot;:&quot;yes&quot;,&quot;content_hover_animation&quot;:&quot;fade-in&quot;}\" data-widget_type=\"gallery.default\">\n\t\t\t\t<div class=\"elementor-widget-container\">\n\t\t\t\t\t<div class=\"elementor-gallery__container\">\n\t\t\t\t\t\t\t<a class=\"e-gallery-item elementor-gallery-item elementor-animated-content\" href=\"https:\/\/ceramitage.eu\/wp-content\/uploads\/2024\/06\/15.06.2023-Budynek-Muzeum-Porcelany-w-Prosgrunn-fot.-Age-Eriksen.jpg\" data-elementor-open-lightbox=\"yes\" data-elementor-lightbox-title=\"Budynek Muzeum Porcelany w Prosgrunn\" data-elementor-lightbox-description=\"fot. Age Eriksen\" data-e-action-hash=\"#elementor-action%3Aaction%3Dlightbox%26settings%3DeyJpZCI6NDM3NSwidXJsIjoiaHR0cHM6XC9cL2NlcmFtaXRhZ2UuZXVcL3dwLWNvbnRlbnRcL3VwbG9hZHNcLzIwMjRcLzA2XC8xNS4wNi4yMDIzLUJ1ZHluZWstTXV6ZXVtLVBvcmNlbGFueS13LVByb3NncnVubi1mb3QuLUFnZS1Fcmlrc2VuLmpwZyJ9\">\n\t\t\t\t\t<div class=\"e-gallery-image elementor-gallery-item__image\" data-thumbnail=\"https:\/\/ceramitage.eu\/wp-content\/uploads\/2024\/06\/15.06.2023-Budynek-Muzeum-Porcelany-w-Prosgrunn-fot.-Age-Eriksen-300x168.jpg\" data-width=\"300\" data-height=\"168\" aria-label=\"\" role=\"img\" ><\/div>\n\t\t\t\t\t\t\t\t\t\t\t<div class=\"elementor-gallery-item__overlay\"><\/div>\n\t\t\t\t\t\t\t\t\t\t\t\t\t\t<\/a>\n\t\t\t\t\t\t\t<a class=\"e-gallery-item elementor-gallery-item elementor-animated-content\" href=\"https:\/\/ceramitage.eu\/wp-content\/uploads\/2024\/06\/15.06.2023-Przygotowania-do-transportu2.jpg\" data-elementor-open-lightbox=\"yes\" data-elementor-lightbox-title=\"Przygotowania do transportu\" data-e-action-hash=\"#elementor-action%3Aaction%3Dlightbox%26settings%3DeyJpZCI6NDM4MSwidXJsIjoiaHR0cHM6XC9cL2NlcmFtaXRhZ2UuZXVcL3dwLWNvbnRlbnRcL3VwbG9hZHNcLzIwMjRcLzA2XC8xNS4wNi4yMDIzLVByenlnb3Rvd2FuaWEtZG8tdHJhbnNwb3J0dTIuanBnIn0%3D\">\n\t\t\t\t\t<div class=\"e-gallery-image elementor-gallery-item__image\" data-thumbnail=\"https:\/\/ceramitage.eu\/wp-content\/uploads\/2024\/06\/15.06.2023-Przygotowania-do-transportu2-300x218.jpg\" data-width=\"300\" data-height=\"218\" aria-label=\"\" role=\"img\" ><\/div>\n\t\t\t\t\t\t\t\t\t\t\t<div class=\"elementor-gallery-item__overlay\"><\/div>\n\t\t\t\t\t\t\t\t\t\t\t\t\t\t<\/a>\n\t\t\t\t\t<\/div>\n\t\t\t<\/div>\n\t\t\t\t<\/div>\n\t\t\t\t\t<\/div>\n\t\t<\/div>\n\t\t\t\t\t<\/div>\n\t\t<\/section>\n\t\t\t\t<section class=\"elementor-section elementor-inner-section elementor-element elementor-element-dd6e1db elementor-section-boxed elementor-section-height-default elementor-section-height-default\" data-id=\"dd6e1db\" data-element_type=\"section\" data-settings=\"{&quot;jet_parallax_layout_list&quot;:[]}\">\n\t\t\t\t\t\t<div class=\"elementor-container elementor-column-gap-default\">\n\t\t\t\t\t<div class=\"elementor-column elementor-col-50 elementor-inner-column elementor-element elementor-element-dc8bfaf\" data-id=\"dc8bfaf\" data-element_type=\"column\">\n\t\t\t<div class=\"elementor-widget-wrap elementor-element-populated\">\n\t\t\t\t\t\t<div class=\"elementor-element elementor-element-9175e10 elementor-widget elementor-widget-gallery\" data-id=\"9175e10\" data-element_type=\"widget\" data-settings=\"{&quot;gallery_layout&quot;:&quot;masonry&quot;,&quot;columns&quot;:1,&quot;lazyload&quot;:&quot;yes&quot;,&quot;columns_tablet&quot;:2,&quot;columns_mobile&quot;:1,&quot;gap&quot;:{&quot;unit&quot;:&quot;px&quot;,&quot;size&quot;:10,&quot;sizes&quot;:[]},&quot;gap_tablet&quot;:{&quot;unit&quot;:&quot;px&quot;,&quot;size&quot;:10,&quot;sizes&quot;:[]},&quot;gap_mobile&quot;:{&quot;unit&quot;:&quot;px&quot;,&quot;size&quot;:10,&quot;sizes&quot;:[]},&quot;link_to&quot;:&quot;file&quot;,&quot;overlay_background&quot;:&quot;yes&quot;,&quot;content_hover_animation&quot;:&quot;fade-in&quot;}\" data-widget_type=\"gallery.default\">\n\t\t\t\t<div class=\"elementor-widget-container\">\n\t\t\t\t\t<div class=\"elementor-gallery__container\">\n\t\t\t\t\t\t\t<a class=\"e-gallery-item elementor-gallery-item elementor-animated-content\" href=\"https:\/\/ceramitage.eu\/wp-content\/uploads\/2024\/06\/15.06.2023-Przygotowania-do-transportu3.jpg\" data-elementor-open-lightbox=\"yes\" data-elementor-lightbox-title=\"15.06.2023 Przygotowania do transportu3\" data-e-action-hash=\"#elementor-action%3Aaction%3Dlightbox%26settings%3DeyJpZCI6NDM4NCwidXJsIjoiaHR0cHM6XC9cL2NlcmFtaXRhZ2UuZXVcL3dwLWNvbnRlbnRcL3VwbG9hZHNcLzIwMjRcLzA2XC8xNS4wNi4yMDIzLVByenlnb3Rvd2FuaWEtZG8tdHJhbnNwb3J0dTMuanBnIn0%3D\">\n\t\t\t\t\t<div class=\"e-gallery-image elementor-gallery-item__image\" data-thumbnail=\"https:\/\/ceramitage.eu\/wp-content\/uploads\/2024\/06\/15.06.2023-Przygotowania-do-transportu3-300x225.jpg\" data-width=\"300\" data-height=\"225\" aria-label=\"\" role=\"img\" ><\/div>\n\t\t\t\t\t\t\t\t\t\t\t<div class=\"elementor-gallery-item__overlay\"><\/div>\n\t\t\t\t\t\t\t\t\t\t\t\t\t\t<\/a>\n\t\t\t\t\t\t\t<a class=\"e-gallery-item elementor-gallery-item elementor-animated-content\" href=\"https:\/\/ceramitage.eu\/wp-content\/uploads\/2024\/06\/15.06.2023-Przygotowania-do-transportu4.jpg\" data-elementor-open-lightbox=\"yes\" data-elementor-lightbox-title=\"15.06.2023 Przygotowania do transportu4\" data-e-action-hash=\"#elementor-action%3Aaction%3Dlightbox%26settings%3DeyJpZCI6NDM4NywidXJsIjoiaHR0cHM6XC9cL2NlcmFtaXRhZ2UuZXVcL3dwLWNvbnRlbnRcL3VwbG9hZHNcLzIwMjRcLzA2XC8xNS4wNi4yMDIzLVByenlnb3Rvd2FuaWEtZG8tdHJhbnNwb3J0dTQuanBnIn0%3D\">\n\t\t\t\t\t<div class=\"e-gallery-image elementor-gallery-item__image\" data-thumbnail=\"https:\/\/ceramitage.eu\/wp-content\/uploads\/2024\/06\/15.06.2023-Przygotowania-do-transportu4-300x225.jpg\" data-width=\"300\" data-height=\"225\" aria-label=\"\" role=\"img\" ><\/div>\n\t\t\t\t\t\t\t\t\t\t\t<div class=\"elementor-gallery-item__overlay\"><\/div>\n\t\t\t\t\t\t\t\t\t\t\t\t\t\t<\/a>\n\t\t\t\t\t\t\t<a class=\"e-gallery-item elementor-gallery-item elementor-animated-content\" href=\"https:\/\/ceramitage.eu\/wp-content\/uploads\/2024\/06\/15.06.2023-Przygotowania-do-transportu5.jpg\" data-elementor-open-lightbox=\"yes\" data-elementor-lightbox-title=\"15.06.2023 Przygotowania do transportu5\" data-e-action-hash=\"#elementor-action%3Aaction%3Dlightbox%26settings%3DeyJpZCI6NDM5MCwidXJsIjoiaHR0cHM6XC9cL2NlcmFtaXRhZ2UuZXVcL3dwLWNvbnRlbnRcL3VwbG9hZHNcLzIwMjRcLzA2XC8xNS4wNi4yMDIzLVByenlnb3Rvd2FuaWEtZG8tdHJhbnNwb3J0dTUuanBnIn0%3D\">\n\t\t\t\t\t<div class=\"e-gallery-image elementor-gallery-item__image\" data-thumbnail=\"https:\/\/ceramitage.eu\/wp-content\/uploads\/2024\/06\/15.06.2023-Przygotowania-do-transportu5-300x225.jpg\" data-width=\"300\" data-height=\"225\" aria-label=\"\" role=\"img\" ><\/div>\n\t\t\t\t\t\t\t\t\t\t\t<div class=\"elementor-gallery-item__overlay\"><\/div>\n\t\t\t\t\t\t\t\t\t\t\t\t\t\t<\/a>\n\t\t\t\t\t\t\t<a class=\"e-gallery-item elementor-gallery-item elementor-animated-content\" href=\"https:\/\/ceramitage.eu\/wp-content\/uploads\/2024\/06\/15.06.2023-Przygotowania-do-transportu.jpg\" data-elementor-open-lightbox=\"yes\" data-elementor-lightbox-title=\"Przygotowania do transportu\" data-e-action-hash=\"#elementor-action%3Aaction%3Dlightbox%26settings%3DeyJpZCI6NDM3OCwidXJsIjoiaHR0cHM6XC9cL2NlcmFtaXRhZ2UuZXVcL3dwLWNvbnRlbnRcL3VwbG9hZHNcLzIwMjRcLzA2XC8xNS4wNi4yMDIzLVByenlnb3Rvd2FuaWEtZG8tdHJhbnNwb3J0dS5qcGcifQ%3D%3D\">\n\t\t\t\t\t<div class=\"e-gallery-image elementor-gallery-item__image\" data-thumbnail=\"https:\/\/ceramitage.eu\/wp-content\/uploads\/2024\/06\/15.06.2023-Przygotowania-do-transportu-135x300.jpg\" data-width=\"135\" data-height=\"300\" aria-label=\"\" role=\"img\" ><\/div>\n\t\t\t\t\t\t\t\t\t\t\t<div class=\"elementor-gallery-item__overlay\"><\/div>\n\t\t\t\t\t\t\t\t\t\t\t\t\t\t<\/a>\n\t\t\t\t\t<\/div>\n\t\t\t<\/div>\n\t\t\t\t<\/div>\n\t\t\t\t\t<\/div>\n\t\t<\/div>\n\t\t\t\t<div class=\"elementor-column elementor-col-50 elementor-inner-column elementor-element elementor-element-6863102\" data-id=\"6863102\" data-element_type=\"column\">\n\t\t\t<div class=\"elementor-widget-wrap elementor-element-populated\">\n\t\t\t\t\t\t<div class=\"elementor-element elementor-element-c5c63f1 elementor-widget__width-initial elementor-widget elementor-widget-text-editor\" data-id=\"c5c63f1\" data-element_type=\"widget\" data-widget_type=\"text-editor.default\">\n\t\t\t\t<div class=\"elementor-widget-container\">\n\t\t\t\t\t\t\t<p>Wystawa \u201cStemplem i p\u0119dzlem malowane. Prezentacja wsp\u00f3\u0142czesnych zak\u0142ad\u00f3w ceramicznych dzia\u0142aj\u0105cych na terenie Ziemi Boles\u0142awieckiej\u201d to kolejna szansa na zaprezentowanie lokalnych producent\u00f3w ceramiki oraz ich wyrob\u00f3w szerokiemu gronu europejskich odbiorc\u00f3w. Ekspozycja b\u0119dzie sk\u0142ada\u0107 si\u0119 z wyrob\u00f3w przygotowanych przez nast\u0119puj\u0105ce zak\u0142ady, kt\u00f3re zgodzi\u0142y si\u0119 wzi\u0105\u0107 udzia\u0142 w wystawie:<\/p><p>*Zak\u0142ady Ceramiczne \u201cBOLES\u0141AWIEC\u201d<br \/>*\u201eCeramika Artystyczna\u201d Sp\u00f3\u0142dzielnia R\u0119kodzie\u0142a Artystycznego<br \/>*\u201eManufaktura w Boles\u0142awcu\u201d Sp. z o.o. sp. k.<br \/>*Ceramika \u201eCzerniak\u201d Miros\u0142aw Czerniak<br \/>*Ceramika \u201eAnna\u201d Anna Bromboszcz-Wr\u00f3bel, Pawe\u0142 Wr\u00f3bel<br \/>*Ceramika \u201eARKADIA\u201d Ewa \u0141abecka<br \/>*Zak\u0142ad Ceramiczny \u201eCer-Gor\u201d Kazimierz Gorczy\u0144ski<br \/>*Ceramika \u201eFreska\u201d Krzysztof Sosik<br \/>*Ceramika Artystyczna \u201eMaldur\u201d Ma\u0142gorzata Durda<br \/>*Ceramika Boles\u0142awiecka \u201eKalich\u201d Weronika i Jacek Kalich<br \/>*Ceramika Artystyczna \u201eWiza\u201d Sp. z o.o.<br \/>*Ceramika \u201eTYRCZ\u201d<br \/>*Pracownia Ceramiczna \u201eCer-A-Niela\u201d Ludwina Bobi\u0144ska<br \/>*Ceramika Szlachetna CER-RAF<br \/>*Ceramika Bona (Cermaz)<br \/>*\u201eMoja Faktoria\u201d Karolina R\u00f3\u017cy\u0142o<br \/>*Ceramika U\u017cytkowa \u201eGalia\u201d s.c. Andrzej Jasiukiewicz, Agnieszka Jasiukiewicz<br \/>*Ceramika Artystyczna \u201cDalia\u201d Ewelina Czy\u017cewska<br \/>*WR Ceramika s.c. Jaros\u0142aw i Katarzyna Rutyna<br \/>*Ceramika \u201eMillena\u201d s.c. Dariusz Sikorski, Wies\u0142awa Seneszyn<br \/>*VRS CERAMICS (Dobrodzie\u0142a) Violetta St\u0119pie\u0144<br \/>*Ceramika \u201cAmfora\u201d Boles\u0142awiec<br \/>*\u201eLapis Lazuli\u201d Ewa Chabluk<br \/>*Ceramika \u201eTryni\u201d Anna i Artur Tryniszewscy<br \/>*Ceramika \u201eRutpol\u201d Rutyna J\u00f3zef<br \/>*Ceramika Artystyczna \u201eIrena\u201d Irena Michalczuk<br \/>*Ceramika Artystyczna \u201eKaola\u201d<br \/>*Ceramika \u201eRose\u201d Barbara Kinaj<br \/>*Ceramika \u201eZebra\u201d<br \/>*Pracownia Ceramiki \u201eBoles\u0142awiec\u201d Zbigniew Forys<br \/>*Zak\u0142ad Ceramiczny \u201eAndar\u201d Anita Tofil<br \/>*Manufaktura Ceramiczna Kowalczyk<\/p>\t\t\t\t\t\t<\/div>\n\t\t\t\t<\/div>\n\t\t\t\t\t<\/div>\n\t\t<\/div>\n\t\t\t\t\t<\/div>\n\t\t<\/section>\n\t\t\t\t<div class=\"elementor-element elementor-element-7ab0d1f elementor-widget elementor-widget-text-editor\" data-id=\"7ab0d1f\" data-element_type=\"widget\" data-widget_type=\"text-editor.default\">\n\t\t\t\t<div class=\"elementor-widget-container\">\n\t\t\t\t\t\t\t<p>Projekt \u201cPolska i Norwegia na Europejskim Szlaku Ceramiki: w\u0142\u0105czenie Boles\u0142awca i Porsgrunn do mi\u0119dzynarodowej sieci wsp\u00f3\u0142pracy miast o tradycjach ceramicznych\u201d dofinansowany jest ze \u015brodk\u00f3w Mechanizmu Finansowego Europejskiego Obszaru Gospodarczego w ramach Programu \u201cKultura\u201d realizowanego przez Ministerstwo Kultury i Dziedzictwa Narodowego.<\/p>\t\t\t\t\t\t<\/div>\n\t\t\t\t<\/div>\n\t\t\t\t\t<\/div>\n\t\t<\/div>\n\t\t\t\t\t<\/div>\n\t\t<\/section>\n\t\t\t\t<\/div>\n\t\t","protected":false},"excerpt":{"rendered":"","protected":false},"author":3,"featured_media":4377,"comment_status":"closed","ping_status":"closed","sticky":false,"template":"","format":"standard","meta":{"footnotes":""},"categories":[41,37],"tags":[42,43,44],"class_list":["post-4400","post","type-post","status-publish","format-standard","has-post-thumbnail","hentry","category-aktualnosci-no","category-bez-kategorii-no","tag-aktualnosci-no","tag-porsgrunn-no","tag-projekt-norweski-no"],"_links":{"self":[{"href":"https:\/\/ceramitage.eu\/no\/wp-json\/wp\/v2\/posts\/4400","targetHints":{"allow":["GET"]}}],"collection":[{"href":"https:\/\/ceramitage.eu\/no\/wp-json\/wp\/v2\/posts"}],"about":[{"href":"https:\/\/ceramitage.eu\/no\/wp-json\/wp\/v2\/types\/post"}],"author":[{"embeddable":true,"href":"https:\/\/ceramitage.eu\/no\/wp-json\/wp\/v2\/users\/3"}],"replies":[{"embeddable":true,"href":"https:\/\/ceramitage.eu\/no\/wp-json\/wp\/v2\/comments?post=4400"}],"version-history":[{"count":2,"href":"https:\/\/ceramitage.eu\/no\/wp-json\/wp\/v2\/posts\/4400\/revisions"}],"predecessor-version":[{"id":4464,"href":"https:\/\/ceramitage.eu\/no\/wp-json\/wp\/v2\/posts\/4400\/revisions\/4464"}],"wp:featuredmedia":[{"embeddable":true,"href":"https:\/\/ceramitage.eu\/no\/wp-json\/wp\/v2\/media\/4377"}],"wp:attachment":[{"href":"https:\/\/ceramitage.eu\/no\/wp-json\/wp\/v2\/media?parent=4400"}],"wp:term":[{"taxonomy":"category","embeddable":true,"href":"https:\/\/ceramitage.eu\/no\/wp-json\/wp\/v2\/categories?post=4400"},{"taxonomy":"post_tag","embeddable":true,"href":"https:\/\/ceramitage.eu\/no\/wp-json\/wp\/v2\/tags?post=4400"}],"curies":[{"name":"wp","href":"https:\/\/api.w.org\/{rel}","templated":true}]}}