{"id":4461,"date":"2023-06-23T13:05:00","date_gmt":"2023-06-23T11:05:00","guid":{"rendered":"https:\/\/ceramitage.eu\/wernisaz-wystawy-ceramiki-boleslawieckiej-w-norwegii\/"},"modified":"2023-06-23T13:05:00","modified_gmt":"2023-06-23T11:05:00","slug":"wernisaz-wystawy-ceramiki-boleslawieckiej-w-norwegii","status":"publish","type":"post","link":"https:\/\/ceramitage.eu\/no\/wernisaz-wystawy-ceramiki-boleslawieckiej-w-norwegii\/","title":{"rendered":"Wernisa\u017c wystawy ceramiki boles\u0142awieckiej w Norwegii"},"content":{"rendered":"\t\t<div data-elementor-type=\"wp-post\" data-elementor-id=\"4461\" class=\"elementor elementor-4461\" data-elementor-post-type=\"post\">\n\t\t\t\t\t\t<section class=\"elementor-section elementor-top-section elementor-element elementor-element-63ddec82 elementor-section-boxed elementor-section-height-default elementor-section-height-default\" data-id=\"63ddec82\" data-element_type=\"section\" data-settings=\"{&quot;jet_parallax_layout_list&quot;:[]}\">\n\t\t\t\t\t\t<div class=\"elementor-container elementor-column-gap-default\">\n\t\t\t\t\t<div class=\"elementor-column elementor-col-100 elementor-top-column elementor-element elementor-element-fbdfcce\" data-id=\"fbdfcce\" data-element_type=\"column\">\n\t\t\t<div class=\"elementor-widget-wrap elementor-element-populated\">\n\t\t\t\t\t\t<div class=\"elementor-element elementor-element-7d6f3d4 elementor-widget elementor-widget-post-info\" data-id=\"7d6f3d4\" data-element_type=\"widget\" data-widget_type=\"post-info.default\">\n\t\t\t\t<div class=\"elementor-widget-container\">\n\t\t\t\t\t<ul class=\"elementor-inline-items elementor-icon-list-items elementor-post-info\">\n\t\t\t\t\t\t\t\t<li class=\"elementor-icon-list-item elementor-repeater-item-284b194 elementor-inline-item\" itemprop=\"datePublished\">\n\t\t\t\t\t\t<a href=\"https:\/\/ceramitage.eu\/no\/2023\/06\/23\/\">\n\t\t\t\t\t\t\t\t\t\t\t<span class=\"elementor-icon-list-icon\">\n\t\t\t\t\t\t\t\t<i aria-hidden=\"true\" class=\"fas fa-calendar\"><\/i>\t\t\t\t\t\t\t<\/span>\n\t\t\t\t\t\t\t\t\t<span class=\"elementor-icon-list-text elementor-post-info__item elementor-post-info__item--type-date\">\n\t\t\t\t\t\t\t\t\t\tjuni 23, 2023\t\t\t\t\t<\/span>\n\t\t\t\t\t\t\t\t\t<\/a>\n\t\t\t\t<\/li>\n\t\t\t\t<\/ul>\n\t\t\t\t<\/div>\n\t\t\t\t<\/div>\n\t\t\t\t<div class=\"elementor-element elementor-element-187a114d elementor-widget elementor-widget-text-editor\" data-id=\"187a114d\" data-element_type=\"widget\" data-widget_type=\"text-editor.default\">\n\t\t\t\t<div class=\"elementor-widget-container\">\n\t\t\t\t\t\t\t<!-- wp:paragraph -->\n<p><\/p>\n<!-- \/wp:paragraph -->\n\n<!-- wp:paragraph -->\n<p><\/p>\n<!-- \/wp:paragraph -->\t\t\t\t\t\t<\/div>\n\t\t\t\t<\/div>\n\t\t\t\t\t<\/div>\n\t\t<\/div>\n\t\t\t\t\t<\/div>\n\t\t<\/section>\n\t\t\t\t<section class=\"elementor-section elementor-top-section elementor-element elementor-element-8965a5c elementor-section-boxed elementor-section-height-default elementor-section-height-default\" data-id=\"8965a5c\" data-element_type=\"section\" data-settings=\"{&quot;jet_parallax_layout_list&quot;:[]}\">\n\t\t\t\t\t\t<div class=\"elementor-container elementor-column-gap-default\">\n\t\t\t\t\t<div class=\"elementor-column elementor-col-100 elementor-top-column elementor-element elementor-element-96741f2\" data-id=\"96741f2\" data-element_type=\"column\">\n\t\t\t<div class=\"elementor-widget-wrap elementor-element-populated\">\n\t\t\t\t\t\t<div class=\"elementor-element elementor-element-b8d70eb elementor-widget elementor-widget-text-editor\" data-id=\"b8d70eb\" data-element_type=\"widget\" data-widget_type=\"text-editor.default\">\n\t\t\t\t<div class=\"elementor-widget-container\">\n\t\t\t\t\t\t\t<p>W \u015brod\u0119 21 czerwca 2023 r. w Porselensmuseet (Muzeum Porcelany) w norweskim Porsgrunn mia\u0142o miejsce uroczyste otwarcie wystawy \u201cStemplem i p\u0119dzlem malowane. Prezentacja wsp\u00f3\u0142czesnych zak\u0142ad\u00f3w ceramicznych dzia\u0142aj\u0105cych na terenie Ziemi Boles\u0142awieckiej\u201d.<\/p>\t\t\t\t\t\t<\/div>\n\t\t\t\t<\/div>\n\t\t\t\t<section class=\"elementor-section elementor-inner-section elementor-element elementor-element-6c2211e elementor-section-boxed elementor-section-height-default elementor-section-height-default\" data-id=\"6c2211e\" data-element_type=\"section\" data-settings=\"{&quot;jet_parallax_layout_list&quot;:[]}\">\n\t\t\t\t\t\t<div class=\"elementor-container elementor-column-gap-default\">\n\t\t\t\t\t<div class=\"elementor-column elementor-col-50 elementor-inner-column elementor-element elementor-element-c0ac214\" data-id=\"c0ac214\" data-element_type=\"column\">\n\t\t\t<div class=\"elementor-widget-wrap elementor-element-populated\">\n\t\t\t\t\t\t<div class=\"elementor-element elementor-element-b057108 elementor-widget elementor-widget-text-editor\" data-id=\"b057108\" data-element_type=\"widget\" data-widget_type=\"text-editor.default\">\n\t\t\t\t<div class=\"elementor-widget-container\">\n\t\t\t\t\t\t\t<p>W wydarzeniu wzi\u0119li udzia\u0142 przedstawiciele Ambasady Rzeczypospolitej Polskiej w Kr\u00f3lestwie Norwegii:<br \/>Magda Modrzy\u0144ska \u2013 radca-minister, kierownik Wydzia\u0142u Polityczno-Ekonomicznego,<br \/>Grzegorz Szopi\u0144ski \u2013 I radca w Wydziale Polityczno-Ekonomicznym.<\/p>\n<p>W wernisa\u017cu uczestniczyli liczni go\u015bcie ze strony norweskiej, w\u015br\u00f3d nich:<br \/>Anne Kristine Gr\u00f8tting \u2013 burmistrz gminy Porsgrunn,<br \/>Sven Tore L\u00f8kslid \u2013 wicestarosta hrabstwa Vestfold i Telemark,<br \/>Anders Rambekk \u2013 przewodnicz\u0105cy Komitetu ds. Dzieci, M\u0142odzie\u017cy i Kultury w gminie Porsgrunn,<br \/>Rose-Marie Christiansen \u2013 radna Gminy Porsgrunn,<br \/>Per Sortedal \u2013 kierownik ds. \u015brodowiska i rozwoju miejskiego w gminie Porsgrunn,<br \/>M\u00e5lfrid H\u00e5limoen \u2013 kierownik ds. kultury w gminie Porsgrunn,<br \/>Mariann Eriksen \u2013 mened\u017cer ds. kultury i sportu w gminie Porsgrunn.<\/p>\n<p>Miasto Boles\u0142awiec reprezentowali:<br \/>Iwona Mand\u017cuk-Dudek \u2013 zast\u0119pca prezydenta miasta,<br \/>Krzysztof Hewak \u2013 prezes Stowarzyszenia Gmin Ceramicznych Rzeczypospolitej Polskiej i naczelnik Wydzia\u0142u Rozwoju i Promocji,<br \/>Anna Bober-Tubaj \u2013 dyrektor Muzeum Ceramiki,<br \/>Monika Wawrzynowska \u2013 g\u0142\u00f3wny specjalista Wydzia\u0142u Zam\u00f3wie\u0144 Publicznych i Inwestycji.<\/p>\n<p>Na otwarciu obecni byli ponadto przedstawiciele zak\u0142ad\u00f3w ceramicznych z naszego powiatu, kt\u00f3rych wyroby prezentowane s\u0105 na wystawie:<br \/>Joanna Rejdych i Mariusz Ochocki (Sp\u00f3\u0142dzielnia R\u0119kodzie\u0142a Artystycznego \u201eCeramika Artystyczna\u201d),<br \/>Paulina Stefa\u0144czyk (Manufaktura w Boles\u0142awcu Sp. z o.o. sp. k.).<\/p>\t\t\t\t\t\t<\/div>\n\t\t\t\t<\/div>\n\t\t\t\t\t<\/div>\n\t\t<\/div>\n\t\t\t\t<div class=\"elementor-column elementor-col-50 elementor-inner-column elementor-element elementor-element-cda43a4\" data-id=\"cda43a4\" data-element_type=\"column\">\n\t\t\t<div class=\"elementor-widget-wrap elementor-element-populated\">\n\t\t\t\t\t\t<div class=\"elementor-element elementor-element-ee4f1f7 elementor-widget elementor-widget-gallery\" data-id=\"ee4f1f7\" data-element_type=\"widget\" data-settings=\"{&quot;gallery_layout&quot;:&quot;masonry&quot;,&quot;columns&quot;:1,&quot;lazyload&quot;:&quot;yes&quot;,&quot;columns_tablet&quot;:2,&quot;columns_mobile&quot;:1,&quot;gap&quot;:{&quot;unit&quot;:&quot;px&quot;,&quot;size&quot;:10,&quot;sizes&quot;:[]},&quot;gap_tablet&quot;:{&quot;unit&quot;:&quot;px&quot;,&quot;size&quot;:10,&quot;sizes&quot;:[]},&quot;gap_mobile&quot;:{&quot;unit&quot;:&quot;px&quot;,&quot;size&quot;:10,&quot;sizes&quot;:[]},&quot;link_to&quot;:&quot;file&quot;,&quot;overlay_background&quot;:&quot;yes&quot;,&quot;content_hover_animation&quot;:&quot;fade-in&quot;}\" data-widget_type=\"gallery.default\">\n\t\t\t\t<div class=\"elementor-widget-container\">\n\t\t\t\t\t<div class=\"elementor-gallery__container\">\n\t\t\t\t\t\t\t<a class=\"e-gallery-item elementor-gallery-item elementor-animated-content\" href=\"https:\/\/ceramitage.eu\/wp-content\/uploads\/2024\/06\/23.06.2023-Wernisaz-wystawy-w-Porsgrunn-2023_06_21-22-6.jpg\" data-elementor-open-lightbox=\"yes\" data-elementor-lightbox-title=\"23.06.2023 -Wernisaz-wystawy-w-Porsgrunn-2023_06_21-22 6\" data-e-action-hash=\"#elementor-action%3Aaction%3Dlightbox%26settings%3DeyJpZCI6NDQyMSwidXJsIjoiaHR0cHM6XC9cL2NlcmFtaXRhZ2UuZXVcL3dwLWNvbnRlbnRcL3VwbG9hZHNcLzIwMjRcLzA2XC8yMy4wNi4yMDIzLVdlcm5pc2F6LXd5c3Rhd3ktdy1Qb3JzZ3J1bm4tMjAyM18wNl8yMS0yMi02LmpwZyJ9\">\n\t\t\t\t\t<div class=\"e-gallery-image elementor-gallery-item__image\" data-thumbnail=\"https:\/\/ceramitage.eu\/wp-content\/uploads\/2024\/06\/23.06.2023-Wernisaz-wystawy-w-Porsgrunn-2023_06_21-22-6-300x135.jpg\" data-width=\"300\" data-height=\"135\" aria-label=\"\" role=\"img\" ><\/div>\n\t\t\t\t\t\t\t\t\t\t\t<div class=\"elementor-gallery-item__overlay\"><\/div>\n\t\t\t\t\t\t\t\t\t\t\t\t\t\t<\/a>\n\t\t\t\t\t\t\t<a class=\"e-gallery-item elementor-gallery-item elementor-animated-content\" href=\"https:\/\/ceramitage.eu\/wp-content\/uploads\/2024\/06\/23.06.2023-Wernisaz-wystawy-w-Porsgrunn-2023_06_21-22-9.jpg\" data-elementor-open-lightbox=\"yes\" data-elementor-lightbox-title=\"23.06.2023 -Wernisaz-wystawy-w-Porsgrunn-2023_06_21-22 9\" data-e-action-hash=\"#elementor-action%3Aaction%3Dlightbox%26settings%3DeyJpZCI6NDQyNCwidXJsIjoiaHR0cHM6XC9cL2NlcmFtaXRhZ2UuZXVcL3dwLWNvbnRlbnRcL3VwbG9hZHNcLzIwMjRcLzA2XC8yMy4wNi4yMDIzLVdlcm5pc2F6LXd5c3Rhd3ktdy1Qb3JzZ3J1bm4tMjAyM18wNl8yMS0yMi05LmpwZyJ9\">\n\t\t\t\t\t<div class=\"e-gallery-image elementor-gallery-item__image\" data-thumbnail=\"https:\/\/ceramitage.eu\/wp-content\/uploads\/2024\/06\/23.06.2023-Wernisaz-wystawy-w-Porsgrunn-2023_06_21-22-9-300x135.jpg\" data-width=\"300\" data-height=\"135\" aria-label=\"\" role=\"img\" ><\/div>\n\t\t\t\t\t\t\t\t\t\t\t<div class=\"elementor-gallery-item__overlay\"><\/div>\n\t\t\t\t\t\t\t\t\t\t\t\t\t\t<\/a>\n\t\t\t\t\t\t\t<a class=\"e-gallery-item elementor-gallery-item elementor-animated-content\" href=\"https:\/\/ceramitage.eu\/wp-content\/uploads\/2024\/06\/23.06.2023-Wernisaz-wystawy-w-Porsgrunn-2023_06_21-22-10.jpg\" data-elementor-open-lightbox=\"yes\" data-elementor-lightbox-title=\"23.06.2023 -Wernisaz-wystawy-w-Porsgrunn-2023_06_21-22 10\" data-e-action-hash=\"#elementor-action%3Aaction%3Dlightbox%26settings%3DeyJpZCI6NDQyNywidXJsIjoiaHR0cHM6XC9cL2NlcmFtaXRhZ2UuZXVcL3dwLWNvbnRlbnRcL3VwbG9hZHNcLzIwMjRcLzA2XC8yMy4wNi4yMDIzLVdlcm5pc2F6LXd5c3Rhd3ktdy1Qb3JzZ3J1bm4tMjAyM18wNl8yMS0yMi0xMC5qcGcifQ%3D%3D\">\n\t\t\t\t\t<div class=\"e-gallery-image elementor-gallery-item__image\" data-thumbnail=\"https:\/\/ceramitage.eu\/wp-content\/uploads\/2024\/06\/23.06.2023-Wernisaz-wystawy-w-Porsgrunn-2023_06_21-22-10-300x135.jpg\" data-width=\"300\" data-height=\"135\" aria-label=\"\" role=\"img\" ><\/div>\n\t\t\t\t\t\t\t\t\t\t\t<div class=\"elementor-gallery-item__overlay\"><\/div>\n\t\t\t\t\t\t\t\t\t\t\t\t\t\t<\/a>\n\t\t\t\t\t\t\t<a class=\"e-gallery-item elementor-gallery-item elementor-animated-content\" href=\"https:\/\/ceramitage.eu\/wp-content\/uploads\/2024\/06\/23.06.2023-Wernisaz-wystawy-w-Porsgrunn-2023_06_21-22-1.jpg\" data-elementor-open-lightbox=\"yes\" data-elementor-lightbox-title=\"23.06.2023 -Wernisaz-wystawy-w-Porsgrunn-2023_06_21-22 1\" data-e-action-hash=\"#elementor-action%3Aaction%3Dlightbox%26settings%3DeyJpZCI6NDQzMCwidXJsIjoiaHR0cHM6XC9cL2NlcmFtaXRhZ2UuZXVcL3dwLWNvbnRlbnRcL3VwbG9hZHNcLzIwMjRcLzA2XC8yMy4wNi4yMDIzLVdlcm5pc2F6LXd5c3Rhd3ktdy1Qb3JzZ3J1bm4tMjAyM18wNl8yMS0yMi0xLmpwZyJ9\">\n\t\t\t\t\t<div class=\"e-gallery-image elementor-gallery-item__image\" data-thumbnail=\"https:\/\/ceramitage.eu\/wp-content\/uploads\/2024\/06\/23.06.2023-Wernisaz-wystawy-w-Porsgrunn-2023_06_21-22-1-300x140.jpg\" data-width=\"300\" data-height=\"140\" aria-label=\"\" role=\"img\" ><\/div>\n\t\t\t\t\t\t\t\t\t\t\t<div class=\"elementor-gallery-item__overlay\"><\/div>\n\t\t\t\t\t\t\t\t\t\t\t\t\t\t<\/a>\n\t\t\t\t\t<\/div>\n\t\t\t<\/div>\n\t\t\t\t<\/div>\n\t\t\t\t\t<\/div>\n\t\t<\/div>\n\t\t\t\t\t<\/div>\n\t\t<\/section>\n\t\t\t\t<section class=\"elementor-section elementor-inner-section elementor-element elementor-element-c48e657 elementor-section-boxed elementor-section-height-default elementor-section-height-default\" data-id=\"c48e657\" data-element_type=\"section\" data-settings=\"{&quot;jet_parallax_layout_list&quot;:[]}\">\n\t\t\t\t\t\t<div class=\"elementor-container elementor-column-gap-default\">\n\t\t\t\t\t<div class=\"elementor-column elementor-col-50 elementor-inner-column elementor-element elementor-element-9891c1c\" data-id=\"9891c1c\" data-element_type=\"column\">\n\t\t\t<div class=\"elementor-widget-wrap elementor-element-populated\">\n\t\t\t\t\t\t<div class=\"elementor-element elementor-element-62fb7d5 elementor-widget elementor-widget-gallery\" data-id=\"62fb7d5\" data-element_type=\"widget\" data-settings=\"{&quot;columns&quot;:1,&quot;lazyload&quot;:&quot;yes&quot;,&quot;gallery_layout&quot;:&quot;grid&quot;,&quot;columns_tablet&quot;:2,&quot;columns_mobile&quot;:1,&quot;gap&quot;:{&quot;unit&quot;:&quot;px&quot;,&quot;size&quot;:10,&quot;sizes&quot;:[]},&quot;gap_tablet&quot;:{&quot;unit&quot;:&quot;px&quot;,&quot;size&quot;:10,&quot;sizes&quot;:[]},&quot;gap_mobile&quot;:{&quot;unit&quot;:&quot;px&quot;,&quot;size&quot;:10,&quot;sizes&quot;:[]},&quot;link_to&quot;:&quot;file&quot;,&quot;aspect_ratio&quot;:&quot;3:2&quot;,&quot;overlay_background&quot;:&quot;yes&quot;,&quot;content_hover_animation&quot;:&quot;fade-in&quot;}\" data-widget_type=\"gallery.default\">\n\t\t\t\t<div class=\"elementor-widget-container\">\n\t\t\t\t\t<div class=\"elementor-gallery__container\">\n\t\t\t\t\t\t\t<a class=\"e-gallery-item elementor-gallery-item elementor-animated-content\" href=\"https:\/\/ceramitage.eu\/wp-content\/uploads\/2024\/06\/23.06.2023-Wernisaz-wystawy-w-Porsgrunn-2023_06_21-22-7.jpg\" data-elementor-open-lightbox=\"yes\" data-elementor-lightbox-title=\"23.06.2023 -Wernisaz-wystawy-w-Porsgrunn-2023_06_21-22 7\" data-e-action-hash=\"#elementor-action%3Aaction%3Dlightbox%26settings%3DeyJpZCI6NDQzMywidXJsIjoiaHR0cHM6XC9cL2NlcmFtaXRhZ2UuZXVcL3dwLWNvbnRlbnRcL3VwbG9hZHNcLzIwMjRcLzA2XC8yMy4wNi4yMDIzLVdlcm5pc2F6LXd5c3Rhd3ktdy1Qb3JzZ3J1bm4tMjAyM18wNl8yMS0yMi03LmpwZyJ9\">\n\t\t\t\t\t<div class=\"e-gallery-image elementor-gallery-item__image\" data-thumbnail=\"https:\/\/ceramitage.eu\/wp-content\/uploads\/2024\/06\/23.06.2023-Wernisaz-wystawy-w-Porsgrunn-2023_06_21-22-7-300x135.jpg\" data-width=\"300\" data-height=\"135\" aria-label=\"\" role=\"img\" ><\/div>\n\t\t\t\t\t\t\t\t\t\t\t<div class=\"elementor-gallery-item__overlay\"><\/div>\n\t\t\t\t\t\t\t\t\t\t\t\t\t\t<\/a>\n\t\t\t\t\t\t\t<a class=\"e-gallery-item elementor-gallery-item elementor-animated-content\" href=\"https:\/\/ceramitage.eu\/wp-content\/uploads\/2024\/06\/23.06.2023-Wernisaz-wystawy-w-Porsgrunn-2023_06_21-22-8.jpg\" data-elementor-open-lightbox=\"yes\" data-elementor-lightbox-title=\"23.06.2023 -Wernisaz-wystawy-w-Porsgrunn-2023_06_21-22 8\" data-e-action-hash=\"#elementor-action%3Aaction%3Dlightbox%26settings%3DeyJpZCI6NDQzNiwidXJsIjoiaHR0cHM6XC9cL2NlcmFtaXRhZ2UuZXVcL3dwLWNvbnRlbnRcL3VwbG9hZHNcLzIwMjRcLzA2XC8yMy4wNi4yMDIzLVdlcm5pc2F6LXd5c3Rhd3ktdy1Qb3JzZ3J1bm4tMjAyM18wNl8yMS0yMi04LmpwZyJ9\">\n\t\t\t\t\t<div class=\"e-gallery-image elementor-gallery-item__image\" data-thumbnail=\"https:\/\/ceramitage.eu\/wp-content\/uploads\/2024\/06\/23.06.2023-Wernisaz-wystawy-w-Porsgrunn-2023_06_21-22-8-300x135.jpg\" data-width=\"300\" data-height=\"135\" aria-label=\"\" role=\"img\" ><\/div>\n\t\t\t\t\t\t\t\t\t\t\t<div class=\"elementor-gallery-item__overlay\"><\/div>\n\t\t\t\t\t\t\t\t\t\t\t\t\t\t<\/a>\n\t\t\t\t\t<\/div>\n\t\t\t<\/div>\n\t\t\t\t<\/div>\n\t\t\t\t\t<\/div>\n\t\t<\/div>\n\t\t\t\t<div class=\"elementor-column elementor-col-50 elementor-inner-column elementor-element elementor-element-f0bbe8e\" data-id=\"f0bbe8e\" data-element_type=\"column\">\n\t\t\t<div class=\"elementor-widget-wrap elementor-element-populated\">\n\t\t\t\t\t\t<div class=\"elementor-element elementor-element-a53bb2e elementor-widget elementor-widget-text-editor\" data-id=\"a53bb2e\" data-element_type=\"widget\" data-widget_type=\"text-editor.default\">\n\t\t\t\t<div class=\"elementor-widget-container\">\n\t\t\t\t\t\t\t<p>Za przygotowanie i realizacj\u0119 wystawy odpowiada\u0142 norwesko-polski zesp\u00f3\u0142 specjalist\u00f3w ze Skien i Boles\u0142awca. Muzeum Ceramiki reprezentowali:<br \/>Barbara Glinkowska &#8211; starszy konserwator,<br \/>Barbara Bednarowicz &#8211; artysta-plastyk i ceramik,<br \/>Micha\u0142 Karpi\u0144ski &#8211; kustosz,<br \/>Micha\u0142 Czerniawski &#8211; przewodnik muzealny,<br \/>Renata Styczy\u0144ska-Oro\u0144 &#8211; opiekun ekspozycji.<\/p>\n<p>Spo\u015br\u00f3d kadry Telemark Museum obecni byli m.in.:<br \/>Syv Dyrkolbotn \u2013 kierownik administracyjny,<br \/>Karolina Szawica \u2013 kierownik projektu ds. wsp\u00f3\u0142pracy mi\u0119dzynarodowej,<br \/>Ann Kathrin Samuelsen \u2013 kierownik operacyjny Muzeum Porcelany w Porsgrunn<br \/>Ann Iren Ryggen Aasen \u2013 kierownik kolekcji.<\/p>\t\t\t\t\t\t<\/div>\n\t\t\t\t<\/div>\n\t\t\t\t\t<\/div>\n\t\t<\/div>\n\t\t\t\t\t<\/div>\n\t\t<\/section>\n\t\t\t\t<section class=\"elementor-section elementor-inner-section elementor-element elementor-element-32777ce elementor-section-boxed elementor-section-height-default elementor-section-height-default\" data-id=\"32777ce\" data-element_type=\"section\" data-settings=\"{&quot;jet_parallax_layout_list&quot;:[]}\">\n\t\t\t\t\t\t<div class=\"elementor-container elementor-column-gap-default\">\n\t\t\t\t\t<div class=\"elementor-column elementor-col-50 elementor-inner-column elementor-element elementor-element-2e53937\" data-id=\"2e53937\" data-element_type=\"column\">\n\t\t\t<div class=\"elementor-widget-wrap elementor-element-populated\">\n\t\t\t\t\t\t<div class=\"elementor-element elementor-element-e2c0c42 elementor-widget elementor-widget-text-editor\" data-id=\"e2c0c42\" data-element_type=\"widget\" data-widget_type=\"text-editor.default\">\n\t\t\t\t<div class=\"elementor-widget-container\">\n\t\t\t\t\t\t\t<p>Nowo otwarta ekspozycja jest kolejn\u0105 okazj\u0105 do pokazania szerokiemu gronu europejskich odbiorc\u00f3w artystycznych wyrob\u00f3w ceramicznych produkowanych w naszym regionie. Swoje wzornictwo zaprezentowa\u0142y 32 wytw\u00f3rnie, dzia\u0142aj\u0105ce na terenie gmin powiatu boles\u0142awieckiego nale\u017c\u0105cych do Stowarzyszenia Gmin Ceramicznych Rzeczypospolitej Polskiej:<br \/>Zak\u0142ady Ceramiczne \u201cBOLES\u0141AWIEC\u201d S.A.<br \/>\u201eCeramika Artystyczna\u201d Sp\u00f3\u0142dzielnia R\u0119kodzie\u0142a Artystycznego<br \/>Manufaktura w Boles\u0142awcu<br \/>Ceramika \u201eCzerniak\u201d, Miros\u0142aw Czerniak<br \/>Ceramika \u201eAnna\u201d, Anna Bromboszcz-Wr\u00f3bel, Pawe\u0142 Wr\u00f3bel<br \/>Ceramika \u201eARKADIA\u201d, Ewa \u0141abecka<br \/>Zak\u0142ad Ceramiczny \u201eCer-Gor\u201d, Kazimierz Gorczy\u0144ski<br \/>Ceramika \u201eFreska\u201d, Krzysztof Sosik<br \/>Ceramika Artystyczna \u201eMaldur\u201d, Ma\u0142gorzata Durda<br \/>Ceramika Boles\u0142awiecka \u201eKalich\u201d, Weronika i Jacek Kalich<br \/>Ceramika Artystyczna \u201eWiza\u201d<br \/>Ceramika \u201eTYRCZ\u201d<br \/>Pracownia Ceramiczna \u201eCer-A-Niela\u201d, Ludwina Bobi\u0144ska<br \/>Ceramika Szlachetna CER-RAF<br \/>Ceramika \u201cBona\u201d (Cermaz)<br \/>Moja Faktoria, Karolina R\u00f3\u017cy\u0142o<br \/>Ceramika U\u017cytkowa \u201eGalia\u201d, Andrzej Jasiukiewicz, Agnieszka Jasiukiewicz<br \/>Ceramika Artystyczna \u201cDalia\u201d, Ewelina Czy\u017cewska<br \/>WR Ceramika, Jaros\u0142aw i Katarzyna Rutyna<br \/>Ceramika \u201eMillena\u201d, Dariusz Sikorski, Wies\u0142awa Seneszyn<br \/>VRS CERAMICS (Dobrodzie\u0142a), Violetta St\u0119pie\u0144<br \/>Ceramika \u201cAmfora\u201d Boles\u0142awiec<br \/>\u201eLapis Lazuli\u201d, Ewa Chabluk<br \/>Ceramika \u201eTryni\u201d, Anna i Artur Tryniszewscy<br \/>Ceramika \u201eRutpol\u201d, Rutyna J\u00f3zef<br \/>Ceramika Artystyczna \u201eIrena\u201d, Irena Michalczuk<br \/>Ceramika Artystyczna \u201eKaola\u201d<br \/>Ceramika \u201eRose\u201d, Barbara Kinaj<br \/>Ceramika \u201eZebra\u201d<br \/>Pracownia Ceramiki \u201eBoles\u0142awiec\u201d, Zbigniew Forys<br \/>Zak\u0142ad Ceramiczny \u201eAndar\u201d, Anita Tofil<br \/>Manufaktura Ceramiczna Kowalczyk<\/p>\t\t\t\t\t\t<\/div>\n\t\t\t\t<\/div>\n\t\t\t\t\t<\/div>\n\t\t<\/div>\n\t\t\t\t<div class=\"elementor-column elementor-col-50 elementor-inner-column elementor-element elementor-element-f4c1bef\" data-id=\"f4c1bef\" data-element_type=\"column\">\n\t\t\t<div class=\"elementor-widget-wrap elementor-element-populated\">\n\t\t\t\t\t\t<div class=\"elementor-element elementor-element-7913c4f elementor-widget elementor-widget-gallery\" data-id=\"7913c4f\" data-element_type=\"widget\" data-settings=\"{&quot;gallery_layout&quot;:&quot;masonry&quot;,&quot;columns&quot;:1,&quot;lazyload&quot;:&quot;yes&quot;,&quot;columns_tablet&quot;:2,&quot;columns_mobile&quot;:1,&quot;gap&quot;:{&quot;unit&quot;:&quot;px&quot;,&quot;size&quot;:10,&quot;sizes&quot;:[]},&quot;gap_tablet&quot;:{&quot;unit&quot;:&quot;px&quot;,&quot;size&quot;:10,&quot;sizes&quot;:[]},&quot;gap_mobile&quot;:{&quot;unit&quot;:&quot;px&quot;,&quot;size&quot;:10,&quot;sizes&quot;:[]},&quot;link_to&quot;:&quot;file&quot;,&quot;overlay_background&quot;:&quot;yes&quot;,&quot;content_hover_animation&quot;:&quot;fade-in&quot;}\" data-widget_type=\"gallery.default\">\n\t\t\t\t<div class=\"elementor-widget-container\">\n\t\t\t\t\t<div class=\"elementor-gallery__container\">\n\t\t\t\t\t\t\t<a class=\"e-gallery-item elementor-gallery-item elementor-animated-content\" href=\"https:\/\/ceramitage.eu\/wp-content\/uploads\/2024\/06\/23.06.2023-Wernisaz-wystawy-w-Porsgrunn-2023_06_21-22-2.jpg\" data-elementor-open-lightbox=\"yes\" data-elementor-lightbox-title=\"23.06.2023 -Wernisaz-wystawy-w-Porsgrunn-2023_06_21-22 2\" data-e-action-hash=\"#elementor-action%3Aaction%3Dlightbox%26settings%3DeyJpZCI6NDQ0MiwidXJsIjoiaHR0cHM6XC9cL2NlcmFtaXRhZ2UuZXVcL3dwLWNvbnRlbnRcL3VwbG9hZHNcLzIwMjRcLzA2XC8yMy4wNi4yMDIzLVdlcm5pc2F6LXd5c3Rhd3ktdy1Qb3JzZ3J1bm4tMjAyM18wNl8yMS0yMi0yLmpwZyJ9\">\n\t\t\t\t\t<div class=\"e-gallery-image elementor-gallery-item__image\" data-thumbnail=\"https:\/\/ceramitage.eu\/wp-content\/uploads\/2024\/06\/23.06.2023-Wernisaz-wystawy-w-Porsgrunn-2023_06_21-22-2-461x1024.jpg\" data-width=\"461\" data-height=\"1024\" aria-label=\"\" role=\"img\" ><\/div>\n\t\t\t\t\t\t\t\t\t\t\t<div class=\"elementor-gallery-item__overlay\"><\/div>\n\t\t\t\t\t\t\t\t\t\t\t\t\t\t<\/a>\n\t\t\t\t\t\t\t<a class=\"e-gallery-item elementor-gallery-item elementor-animated-content\" href=\"https:\/\/ceramitage.eu\/wp-content\/uploads\/2024\/06\/23.06.2023-Wernisaz-wystawy-w-Porsgrunn-2023_06_21-22-3.jpg\" data-elementor-open-lightbox=\"yes\" data-elementor-lightbox-title=\"23.06.2023 -Wernisaz-wystawy-w-Porsgrunn-2023_06_21-22 3\" data-e-action-hash=\"#elementor-action%3Aaction%3Dlightbox%26settings%3DeyJpZCI6NDQ0NSwidXJsIjoiaHR0cHM6XC9cL2NlcmFtaXRhZ2UuZXVcL3dwLWNvbnRlbnRcL3VwbG9hZHNcLzIwMjRcLzA2XC8yMy4wNi4yMDIzLVdlcm5pc2F6LXd5c3Rhd3ktdy1Qb3JzZ3J1bm4tMjAyM18wNl8yMS0yMi0zLmpwZyJ9\">\n\t\t\t\t\t<div class=\"e-gallery-image elementor-gallery-item__image\" data-thumbnail=\"https:\/\/ceramitage.eu\/wp-content\/uploads\/2024\/06\/23.06.2023-Wernisaz-wystawy-w-Porsgrunn-2023_06_21-22-3-1024x461.jpg\" data-width=\"1024\" data-height=\"461\" aria-label=\"\" role=\"img\" ><\/div>\n\t\t\t\t\t\t\t\t\t\t\t<div class=\"elementor-gallery-item__overlay\"><\/div>\n\t\t\t\t\t\t\t\t\t\t\t\t\t\t<\/a>\n\t\t\t\t\t\t\t<a class=\"e-gallery-item elementor-gallery-item elementor-animated-content\" href=\"https:\/\/ceramitage.eu\/wp-content\/uploads\/2024\/06\/23.06.2023-Wernisaz-wystawy-w-Porsgrunn-2023_06_21-22-4.jpg\" data-elementor-open-lightbox=\"yes\" data-elementor-lightbox-title=\"23.06.2023 -Wernisaz-wystawy-w-Porsgrunn-2023_06_21-22 4\" data-e-action-hash=\"#elementor-action%3Aaction%3Dlightbox%26settings%3DeyJpZCI6NDQ0OCwidXJsIjoiaHR0cHM6XC9cL2NlcmFtaXRhZ2UuZXVcL3dwLWNvbnRlbnRcL3VwbG9hZHNcLzIwMjRcLzA2XC8yMy4wNi4yMDIzLVdlcm5pc2F6LXd5c3Rhd3ktdy1Qb3JzZ3J1bm4tMjAyM18wNl8yMS0yMi00LmpwZyJ9\">\n\t\t\t\t\t<div class=\"e-gallery-image elementor-gallery-item__image\" data-thumbnail=\"https:\/\/ceramitage.eu\/wp-content\/uploads\/2024\/06\/23.06.2023-Wernisaz-wystawy-w-Porsgrunn-2023_06_21-22-4-1024x461.jpg\" data-width=\"1024\" data-height=\"461\" aria-label=\"\" role=\"img\" ><\/div>\n\t\t\t\t\t\t\t\t\t\t\t<div class=\"elementor-gallery-item__overlay\"><\/div>\n\t\t\t\t\t\t\t\t\t\t\t\t\t\t<\/a>\n\t\t\t\t\t\t\t<a class=\"e-gallery-item elementor-gallery-item elementor-animated-content\" href=\"https:\/\/ceramitage.eu\/wp-content\/uploads\/2024\/06\/23.06.2023-Wernisaz-wystawy-w-Porsgrunn-2023_06_21-22-5.jpg\" data-elementor-open-lightbox=\"yes\" data-elementor-lightbox-title=\"23.06.2023 -Wernisaz-wystawy-w-Porsgrunn-2023_06_21-22 5\" data-e-action-hash=\"#elementor-action%3Aaction%3Dlightbox%26settings%3DeyJpZCI6NDQ1MSwidXJsIjoiaHR0cHM6XC9cL2NlcmFtaXRhZ2UuZXVcL3dwLWNvbnRlbnRcL3VwbG9hZHNcLzIwMjRcLzA2XC8yMy4wNi4yMDIzLVdlcm5pc2F6LXd5c3Rhd3ktdy1Qb3JzZ3J1bm4tMjAyM18wNl8yMS0yMi01LmpwZyJ9\">\n\t\t\t\t\t<div class=\"e-gallery-image elementor-gallery-item__image\" data-thumbnail=\"https:\/\/ceramitage.eu\/wp-content\/uploads\/2024\/06\/23.06.2023-Wernisaz-wystawy-w-Porsgrunn-2023_06_21-22-5-1024x461.jpg\" data-width=\"1024\" data-height=\"461\" aria-label=\"\" role=\"img\" ><\/div>\n\t\t\t\t\t\t\t\t\t\t\t<div class=\"elementor-gallery-item__overlay\"><\/div>\n\t\t\t\t\t\t\t\t\t\t\t\t\t\t<\/a>\n\t\t\t\t\t<\/div>\n\t\t\t<\/div>\n\t\t\t\t<\/div>\n\t\t\t\t\t<\/div>\n\t\t<\/div>\n\t\t\t\t\t<\/div>\n\t\t<\/section>\n\t\t\t\t<section class=\"elementor-section elementor-inner-section elementor-element elementor-element-7b94b7a elementor-section-boxed elementor-section-height-default elementor-section-height-default\" data-id=\"7b94b7a\" data-element_type=\"section\" data-settings=\"{&quot;jet_parallax_layout_list&quot;:[]}\">\n\t\t\t\t\t\t<div class=\"elementor-container elementor-column-gap-default\">\n\t\t\t\t\t<div class=\"elementor-column elementor-col-50 elementor-inner-column elementor-element elementor-element-019dbca\" data-id=\"019dbca\" data-element_type=\"column\">\n\t\t\t<div class=\"elementor-widget-wrap elementor-element-populated\">\n\t\t\t\t\t\t<div class=\"elementor-element elementor-element-4630a97 elementor-widget elementor-widget-gallery\" data-id=\"4630a97\" data-element_type=\"widget\" data-settings=\"{&quot;columns&quot;:1,&quot;lazyload&quot;:&quot;yes&quot;,&quot;gallery_layout&quot;:&quot;grid&quot;,&quot;columns_tablet&quot;:2,&quot;columns_mobile&quot;:1,&quot;gap&quot;:{&quot;unit&quot;:&quot;px&quot;,&quot;size&quot;:10,&quot;sizes&quot;:[]},&quot;gap_tablet&quot;:{&quot;unit&quot;:&quot;px&quot;,&quot;size&quot;:10,&quot;sizes&quot;:[]},&quot;gap_mobile&quot;:{&quot;unit&quot;:&quot;px&quot;,&quot;size&quot;:10,&quot;sizes&quot;:[]},&quot;link_to&quot;:&quot;file&quot;,&quot;aspect_ratio&quot;:&quot;3:2&quot;,&quot;overlay_background&quot;:&quot;yes&quot;,&quot;content_hover_animation&quot;:&quot;fade-in&quot;}\" data-widget_type=\"gallery.default\">\n\t\t\t\t<div class=\"elementor-widget-container\">\n\t\t\t\t\t<div class=\"elementor-gallery__container\">\n\t\t\t\t\t\t\t<a class=\"e-gallery-item elementor-gallery-item elementor-animated-content\" href=\"https:\/\/ceramitage.eu\/wp-content\/uploads\/2024\/06\/23.06.2023-Wernisaz-wystawy-w-Porsgrunn-2023_06_21-22.jpg\" data-elementor-open-lightbox=\"yes\" data-elementor-lightbox-title=\"23.06.2023 -Wernisaz-wystawy-w-Porsgrunn-2023_06_21-22\" data-e-action-hash=\"#elementor-action%3Aaction%3Dlightbox%26settings%3DeyJpZCI6NDQzOSwidXJsIjoiaHR0cHM6XC9cL2NlcmFtaXRhZ2UuZXVcL3dwLWNvbnRlbnRcL3VwbG9hZHNcLzIwMjRcLzA2XC8yMy4wNi4yMDIzLVdlcm5pc2F6LXd5c3Rhd3ktdy1Qb3JzZ3J1bm4tMjAyM18wNl8yMS0yMi5qcGcifQ%3D%3D\">\n\t\t\t\t\t<div class=\"e-gallery-image elementor-gallery-item__image\" data-thumbnail=\"https:\/\/ceramitage.eu\/wp-content\/uploads\/2024\/06\/23.06.2023-Wernisaz-wystawy-w-Porsgrunn-2023_06_21-22-300x200.jpg\" data-width=\"300\" data-height=\"200\" aria-label=\"\" role=\"img\" ><\/div>\n\t\t\t\t\t\t\t\t\t\t\t<div class=\"elementor-gallery-item__overlay\"><\/div>\n\t\t\t\t\t\t\t\t\t\t\t\t\t\t<\/a>\n\t\t\t\t\t<\/div>\n\t\t\t<\/div>\n\t\t\t\t<\/div>\n\t\t\t\t\t<\/div>\n\t\t<\/div>\n\t\t\t\t<div class=\"elementor-column elementor-col-50 elementor-inner-column elementor-element elementor-element-e8f5e52\" data-id=\"e8f5e52\" data-element_type=\"column\">\n\t\t\t<div class=\"elementor-widget-wrap elementor-element-populated\">\n\t\t\t\t\t\t<div class=\"elementor-element elementor-element-739b6ac elementor-widget elementor-widget-text-editor\" data-id=\"739b6ac\" data-element_type=\"widget\" data-widget_type=\"text-editor.default\">\n\t\t\t\t<div class=\"elementor-widget-container\">\n\t\t\t\t\t\t\t<p>Wernisa\u017cowi towarzyszy\u0142y warsztaty popularyzuj\u0105ce dekorowanie ceramiki metod\u0105 stempelkow\u0105 i p\u0119dzelkiem. Zaj\u0119cia poprowadzili boles\u0142awieccy muzealnicy przy wykorzystaniu oryginalnych p\u00f3\u0142produkt\u00f3w i materia\u0142\u00f3w przetransportowanych w tym celu z naszego miasta. Umo\u017cliwi\u0142y one uczestnikom praktyczne zapoznanie si\u0119 z tradycyjnymi technikami zdobniczymi i wzorami stosowanymi powszechnie w boles\u0142awieckich wytw\u00f3rniach.<\/p>\t\t\t\t\t\t<\/div>\n\t\t\t\t<\/div>\n\t\t\t\t\t<\/div>\n\t\t<\/div>\n\t\t\t\t\t<\/div>\n\t\t<\/section>\n\t\t\t\t<div class=\"elementor-element elementor-element-7b9f1e9 elementor-widget elementor-widget-text-editor\" data-id=\"7b9f1e9\" data-element_type=\"widget\" data-widget_type=\"text-editor.default\">\n\t\t\t\t<div class=\"elementor-widget-container\">\n\t\t\t\t\t\t\t<p>Wystawa i warsztaty zosta\u0142y zorganizowane w ramach projektu \u201cPolska i Norwegia na Europejskim Szlaku Ceramiki: w\u0142\u0105czenie Boles\u0142awca i Porsgrunn do mi\u0119dzynarodowej sieci wsp\u00f3\u0142pracy miast o tradycjach ceramicznych\u201d<\/p>\n<p><br \/>Projekt jest wsp\u00f3\u0142finansowany ze \u015brodk\u00f3w Mechanizmu Finansowego Europejskiego Obszaru Gospodarczego w ramach Programu \u201cKultura\u201d realizowanego przez Ministerstwo Kultury i Dziedzictwa Narodowego i obejmuje wiele dzia\u0142a\u0144. &lt;br&gt;Najwa\u017cniejsze z nich to remont i adaptacja boles\u0142awieckiego pa\u0142acu P\u00fccklera na now\u0105 siedzib\u0119 Muzeum Ceramiki. Do pozosta\u0142ych nale\u017c\u0105 wystawy czasowe, warsztaty i szkolenia oraz wielokierunkowa promocja Europejskiego Szlaku Ceramiki.<\/p>\t\t\t\t\t\t<\/div>\n\t\t\t\t<\/div>\n\t\t\t\t\t<\/div>\n\t\t<\/div>\n\t\t\t\t\t<\/div>\n\t\t<\/section>\n\t\t\t\t<\/div>\n\t\t","protected":false},"excerpt":{"rendered":"<p>W \u015brod\u0119 21 czerwca 2023 r. w Porselensmuseet (Muzeum Porcelany) w norweskim Porsgrunn mia\u0142o miejsce uroczyste otwarcie wystawy \u201cStemplem i p\u0119dzlem malowane. Prezentacja wsp\u00f3\u0142czesnych zak\u0142ad\u00f3w ceramicznych dzia\u0142aj\u0105cych na terenie Ziemi Boles\u0142awieckiej\u201d. W wydarzeniu wzi\u0119li udzia\u0142 przedstawiciele Ambasady Rzeczypospolitej Polskiej w Kr\u00f3lestwie Norwegii:Magda Modrzy\u0144ska \u2013 radca-minister, kierownik Wydzia\u0142u Polityczno-Ekonomicznego,Grzegorz Szopi\u0144ski \u2013 I radca w Wydziale Polityczno-Ekonomicznym. [&hellip;]<\/p>\n","protected":false},"author":3,"featured_media":4419,"comment_status":"closed","ping_status":"closed","sticky":false,"template":"","format":"standard","meta":{"footnotes":""},"categories":[41],"tags":[],"class_list":["post-4461","post","type-post","status-publish","format-standard","has-post-thumbnail","hentry","category-aktualnosci-no"],"_links":{"self":[{"href":"https:\/\/ceramitage.eu\/no\/wp-json\/wp\/v2\/posts\/4461","targetHints":{"allow":["GET"]}}],"collection":[{"href":"https:\/\/ceramitage.eu\/no\/wp-json\/wp\/v2\/posts"}],"about":[{"href":"https:\/\/ceramitage.eu\/no\/wp-json\/wp\/v2\/types\/post"}],"author":[{"embeddable":true,"href":"https:\/\/ceramitage.eu\/no\/wp-json\/wp\/v2\/users\/3"}],"replies":[{"embeddable":true,"href":"https:\/\/ceramitage.eu\/no\/wp-json\/wp\/v2\/comments?post=4461"}],"version-history":[{"count":0,"href":"https:\/\/ceramitage.eu\/no\/wp-json\/wp\/v2\/posts\/4461\/revisions"}],"wp:featuredmedia":[{"embeddable":true,"href":"https:\/\/ceramitage.eu\/no\/wp-json\/wp\/v2\/media\/4419"}],"wp:attachment":[{"href":"https:\/\/ceramitage.eu\/no\/wp-json\/wp\/v2\/media?parent=4461"}],"wp:term":[{"taxonomy":"category","embeddable":true,"href":"https:\/\/ceramitage.eu\/no\/wp-json\/wp\/v2\/categories?post=4461"},{"taxonomy":"post_tag","embeddable":true,"href":"https:\/\/ceramitage.eu\/no\/wp-json\/wp\/v2\/tags?post=4461"}],"curies":[{"name":"wp","href":"https:\/\/api.w.org\/{rel}","templated":true}]}}