{"id":4590,"date":"2024-01-21T14:25:00","date_gmt":"2024-01-21T13:25:00","guid":{"rendered":"https:\/\/ceramitage.eu\/spotkanie-z-janina-bany-kozlowska\/"},"modified":"2024-07-03T14:46:03","modified_gmt":"2024-07-03T12:46:03","slug":"spotkanie-z-janina-bany-kozlowska","status":"publish","type":"post","link":"https:\/\/ceramitage.eu\/no\/spotkanie-z-janina-bany-kozlowska\/","title":{"rendered":"Spotkanie z Janin\u0105 Bany-Koz\u0142owsk\u0105"},"content":{"rendered":"\t\t<div data-elementor-type=\"wp-post\" data-elementor-id=\"4590\" class=\"elementor elementor-4590\" data-elementor-post-type=\"post\">\n\t\t\t\t\t\t<section class=\"elementor-section elementor-top-section elementor-element elementor-element-7bfa857a elementor-section-boxed elementor-section-height-default elementor-section-height-default\" data-id=\"7bfa857a\" data-element_type=\"section\" data-settings=\"{&quot;jet_parallax_layout_list&quot;:[]}\">\n\t\t\t\t\t\t<div class=\"elementor-container elementor-column-gap-default\">\n\t\t\t\t\t<div class=\"elementor-column elementor-col-100 elementor-top-column elementor-element elementor-element-37cc6fc4\" data-id=\"37cc6fc4\" data-element_type=\"column\">\n\t\t\t<div class=\"elementor-widget-wrap elementor-element-populated\">\n\t\t\t\t\t\t<div class=\"elementor-element elementor-element-52829b2 elementor-widget elementor-widget-post-info\" data-id=\"52829b2\" data-element_type=\"widget\" data-widget_type=\"post-info.default\">\n\t\t\t\t<div class=\"elementor-widget-container\">\n\t\t\t\t\t<ul class=\"elementor-inline-items elementor-icon-list-items elementor-post-info\">\n\t\t\t\t\t\t\t\t<li class=\"elementor-icon-list-item elementor-repeater-item-fedfa3c elementor-inline-item\" itemprop=\"datePublished\">\n\t\t\t\t\t\t<a href=\"https:\/\/ceramitage.eu\/no\/2024\/01\/21\/\">\n\t\t\t\t\t\t\t\t\t\t\t<span class=\"elementor-icon-list-icon\">\n\t\t\t\t\t\t\t\t<i aria-hidden=\"true\" class=\"fas fa-calendar\"><\/i>\t\t\t\t\t\t\t<\/span>\n\t\t\t\t\t\t\t\t\t<span class=\"elementor-icon-list-text elementor-post-info__item elementor-post-info__item--type-date\">\n\t\t\t\t\t\t\t\t\t\tjanuar 21, 2024\t\t\t\t\t<\/span>\n\t\t\t\t\t\t\t\t\t<\/a>\n\t\t\t\t<\/li>\n\t\t\t\t<\/ul>\n\t\t\t\t<\/div>\n\t\t\t\t<\/div>\n\t\t\t\t<div class=\"elementor-element elementor-element-ca39b3a elementor-widget elementor-widget-text-editor\" data-id=\"ca39b3a\" data-element_type=\"widget\" data-widget_type=\"text-editor.default\">\n\t\t\t\t<div class=\"elementor-widget-container\">\n\t\t\t\t\t\t\t<p>\u015arodowe popo\u0142udnie w Centrum Dawnych Technik Garncarskich up\u0142yn\u0119\u0142o pod znakiem spotkania autorskiego z Janin\u0105 Bany-Koz\u0142owsk\u0105, znan\u0105 i cenion\u0105 na ca\u0142ym \u015bwiecie boles\u0142awieck\u0105 projektantk\u0105 ceramiki. Przybyli licznie go\u015bcie mieli okazj\u0119 pozna\u0107 tajniki pracy artystki, kt\u00f3ra w latach 1974-2019 pracowa\u0142a w Zak\u0142adach Ceramicznych \u201eBOLES\u0141AWIEC\u201d Sp. z o. o., pe\u0142ni\u0105c funkcj\u0119 kierownika artystycznego, a nast\u0119pnie g\u0142\u00f3wnej projektantki. Zaprojektowa\u0142a ponad 1600 wzor\u00f3w ceramiki u\u017cytkowej, spo\u015br\u00f3d kt\u00f3rych wiele zosta\u0142o nagrodzonych presti\u017cowymi nagrodami, m.in. Wzorem Roku przez Instytut Wzornictwa Przemys\u0142owego w Warszawie. Artystka za swoje dokonania zosta\u0142a uhonorowana m.in. Srebrnym Krzy\u017cem Zas\u0142ugi (1986) oraz Srebrnym Medalem \u201cZas\u0142u\u017cony Kulturze Gloria Artis\u201d (2015).<\/p>\t\t\t\t\t\t<\/div>\n\t\t\t\t<\/div>\n\t\t\t\t<section class=\"elementor-section elementor-inner-section elementor-element elementor-element-932317c elementor-section-boxed elementor-section-height-default elementor-section-height-default\" data-id=\"932317c\" data-element_type=\"section\" data-settings=\"{&quot;jet_parallax_layout_list&quot;:[]}\">\n\t\t\t\t\t\t<div class=\"elementor-container elementor-column-gap-default\">\n\t\t\t\t\t<div class=\"elementor-column elementor-col-50 elementor-inner-column elementor-element elementor-element-170315a\" data-id=\"170315a\" data-element_type=\"column\">\n\t\t\t<div class=\"elementor-widget-wrap elementor-element-populated\">\n\t\t\t\t\t\t<div class=\"elementor-element elementor-element-9091ff8 elementor-widget elementor-widget-text-editor\" data-id=\"9091ff8\" data-element_type=\"widget\" data-widget_type=\"text-editor.default\">\n\t\t\t\t<div class=\"elementor-widget-container\">\n\t\t\t\t\t\t\t<p>\u017byciorys i wa\u017cniejsze dokonania Janiny Bany-Koz\u0142owskiej przedstawi\u0142a zebranym dyrektor Muzeum Ceramiki Anna Bober-Tubaj, a rozmow\u0119 z artystk\u0105 poprowadzi\u0142a rze\u017abiarka Barbara Bednarowicz. Projektantka opowiedzia\u0142a o tym, jak rozpocz\u0119\u0142a si\u0119 jej przygoda z najstarszym boles\u0142awieckim producentem ceramiki i w jaki spos\u00f3b powstawa\u0142y jej pierwsze projekty dla przemys\u0142u ceramicznego. Zdradzi\u0142a, w jaki spos\u00f3b godzi\u0142a projektowanie z \u017cyciem rodzinnym i innymi pasjami, do kt\u00f3rych niew\u0105tpliwe nale\u017cy rze\u017abienie ceramicznych form przestrzennych.<\/p>\t\t\t\t\t\t<\/div>\n\t\t\t\t<\/div>\n\t\t\t\t\t<\/div>\n\t\t<\/div>\n\t\t\t\t<div class=\"elementor-column elementor-col-50 elementor-inner-column elementor-element elementor-element-b7533ec\" data-id=\"b7533ec\" data-element_type=\"column\">\n\t\t\t<div class=\"elementor-widget-wrap elementor-element-populated\">\n\t\t\t\t\t\t<div class=\"elementor-element elementor-element-f4c3099 elementor-widget elementor-widget-gallery\" data-id=\"f4c3099\" data-element_type=\"widget\" data-settings=\"{&quot;gallery_layout&quot;:&quot;masonry&quot;,&quot;columns&quot;:2,&quot;lazyload&quot;:&quot;yes&quot;,&quot;columns_tablet&quot;:2,&quot;columns_mobile&quot;:1,&quot;gap&quot;:{&quot;unit&quot;:&quot;px&quot;,&quot;size&quot;:10,&quot;sizes&quot;:[]},&quot;gap_tablet&quot;:{&quot;unit&quot;:&quot;px&quot;,&quot;size&quot;:10,&quot;sizes&quot;:[]},&quot;gap_mobile&quot;:{&quot;unit&quot;:&quot;px&quot;,&quot;size&quot;:10,&quot;sizes&quot;:[]},&quot;link_to&quot;:&quot;file&quot;,&quot;overlay_background&quot;:&quot;yes&quot;,&quot;content_hover_animation&quot;:&quot;fade-in&quot;}\" data-widget_type=\"gallery.default\">\n\t\t\t\t<div class=\"elementor-widget-container\">\n\t\t\t\t\t<div class=\"elementor-gallery__container\">\n\t\t\t\t\t\t\t<a class=\"e-gallery-item elementor-gallery-item elementor-animated-content\" href=\"https:\/\/ceramitage.eu\/wp-content\/uploads\/2024\/07\/26.01.2024-Spotkanie-z-Janina-Bany-Kozlowska-24-01-2024-4-2-fot.-Bolec-Info.jpg\" data-elementor-open-lightbox=\"yes\" data-elementor-lightbox-title=\"Spotkanie z Janin\u0105 Bany-Kozlowsk\u0105\" data-elementor-lightbox-description=\"fot. Bolec Info\" data-e-action-hash=\"#elementor-action%3Aaction%3Dlightbox%26settings%3DeyJpZCI6NDU2NCwidXJsIjoiaHR0cHM6XC9cL2NlcmFtaXRhZ2UuZXVcL3dwLWNvbnRlbnRcL3VwbG9hZHNcLzIwMjRcLzA3XC8yNi4wMS4yMDI0LVNwb3RrYW5pZS16LUphbmluYS1CYW55LUtvemxvd3NrYS0yNC0wMS0yMDI0LTQtMi1mb3QuLUJvbGVjLUluZm8uanBnIn0%3D\">\n\t\t\t\t\t<div class=\"e-gallery-image elementor-gallery-item__image\" data-thumbnail=\"https:\/\/ceramitage.eu\/wp-content\/uploads\/2024\/07\/26.01.2024-Spotkanie-z-Janina-Bany-Kozlowska-24-01-2024-4-2-fot.-Bolec-Info-300x200.jpg\" data-width=\"300\" data-height=\"200\" aria-label=\"\" role=\"img\" ><\/div>\n\t\t\t\t\t\t\t\t\t\t\t<div class=\"elementor-gallery-item__overlay\"><\/div>\n\t\t\t\t\t\t\t\t\t\t\t\t\t\t<\/a>\n\t\t\t\t\t\t\t<a class=\"e-gallery-item elementor-gallery-item elementor-animated-content\" href=\"https:\/\/ceramitage.eu\/wp-content\/uploads\/2024\/07\/26.01.2024-Spotkanie-z-Janina-Bany-Kozlowska-24-01-2024-4-2.jpg\" data-elementor-open-lightbox=\"yes\" data-elementor-lightbox-title=\"Spotkanie z Janin\u0105 Bany-Kozlowsk\u0105\" data-e-action-hash=\"#elementor-action%3Aaction%3Dlightbox%26settings%3DeyJpZCI6NDU2NywidXJsIjoiaHR0cHM6XC9cL2NlcmFtaXRhZ2UuZXVcL3dwLWNvbnRlbnRcL3VwbG9hZHNcLzIwMjRcLzA3XC8yNi4wMS4yMDI0LVNwb3RrYW5pZS16LUphbmluYS1CYW55LUtvemxvd3NrYS0yNC0wMS0yMDI0LTQtMi5qcGcifQ%3D%3D\">\n\t\t\t\t\t<div class=\"e-gallery-image elementor-gallery-item__image\" data-thumbnail=\"https:\/\/ceramitage.eu\/wp-content\/uploads\/2024\/07\/26.01.2024-Spotkanie-z-Janina-Bany-Kozlowska-24-01-2024-4-2-300x225.jpg\" data-width=\"300\" data-height=\"225\" aria-label=\"\" role=\"img\" ><\/div>\n\t\t\t\t\t\t\t\t\t\t\t<div class=\"elementor-gallery-item__overlay\"><\/div>\n\t\t\t\t\t\t\t\t\t\t\t\t\t\t<\/a>\n\t\t\t\t\t\t\t<a class=\"e-gallery-item elementor-gallery-item elementor-animated-content\" href=\"https:\/\/ceramitage.eu\/wp-content\/uploads\/2024\/07\/26.01.2024-Spotkanie-z-Janina-Bany-Kozlowska-24-01-2024-4-3-fot.-Bolec-Info.jpg\" data-elementor-open-lightbox=\"yes\" data-elementor-lightbox-title=\"Spotkanie z Janin\u0105 Bany-Kozlowsk\u0105\" data-elementor-lightbox-description=\"fot. Bolec Info\" data-e-action-hash=\"#elementor-action%3Aaction%3Dlightbox%26settings%3DeyJpZCI6NDU3MCwidXJsIjoiaHR0cHM6XC9cL2NlcmFtaXRhZ2UuZXVcL3dwLWNvbnRlbnRcL3VwbG9hZHNcLzIwMjRcLzA3XC8yNi4wMS4yMDI0LVNwb3RrYW5pZS16LUphbmluYS1CYW55LUtvemxvd3NrYS0yNC0wMS0yMDI0LTQtMy1mb3QuLUJvbGVjLUluZm8uanBnIn0%3D\">\n\t\t\t\t\t<div class=\"e-gallery-image elementor-gallery-item__image\" data-thumbnail=\"https:\/\/ceramitage.eu\/wp-content\/uploads\/2024\/07\/26.01.2024-Spotkanie-z-Janina-Bany-Kozlowska-24-01-2024-4-3-fot.-Bolec-Info-300x200.jpg\" data-width=\"300\" data-height=\"200\" aria-label=\"\" role=\"img\" ><\/div>\n\t\t\t\t\t\t\t\t\t\t\t<div class=\"elementor-gallery-item__overlay\"><\/div>\n\t\t\t\t\t\t\t\t\t\t\t\t\t\t<\/a>\n\t\t\t\t\t\t\t<a class=\"e-gallery-item elementor-gallery-item elementor-animated-content\" href=\"https:\/\/ceramitage.eu\/wp-content\/uploads\/2024\/07\/26.01.2024-Spotkanie-z-Janina-Bany-Kozlowska-24-01-2024-4-3.jpg\" data-elementor-open-lightbox=\"yes\" data-elementor-lightbox-title=\"Spotkanie z Janin\u0105 Bany-Kozlowsk\u0105\" data-e-action-hash=\"#elementor-action%3Aaction%3Dlightbox%26settings%3DeyJpZCI6NDU3MywidXJsIjoiaHR0cHM6XC9cL2NlcmFtaXRhZ2UuZXVcL3dwLWNvbnRlbnRcL3VwbG9hZHNcLzIwMjRcLzA3XC8yNi4wMS4yMDI0LVNwb3RrYW5pZS16LUphbmluYS1CYW55LUtvemxvd3NrYS0yNC0wMS0yMDI0LTQtMy5qcGcifQ%3D%3D\">\n\t\t\t\t\t<div class=\"e-gallery-image elementor-gallery-item__image\" data-thumbnail=\"https:\/\/ceramitage.eu\/wp-content\/uploads\/2024\/07\/26.01.2024-Spotkanie-z-Janina-Bany-Kozlowska-24-01-2024-4-3-202x300.jpg\" data-width=\"202\" data-height=\"300\" aria-label=\"\" role=\"img\" ><\/div>\n\t\t\t\t\t\t\t\t\t\t\t<div class=\"elementor-gallery-item__overlay\"><\/div>\n\t\t\t\t\t\t\t\t\t\t\t\t\t\t<\/a>\n\t\t\t\t\t<\/div>\n\t\t\t<\/div>\n\t\t\t\t<\/div>\n\t\t\t\t\t<\/div>\n\t\t<\/div>\n\t\t\t\t\t<\/div>\n\t\t<\/section>\n\t\t\t\t<section class=\"elementor-section elementor-inner-section elementor-element elementor-element-979b99f elementor-section-boxed elementor-section-height-default elementor-section-height-default\" data-id=\"979b99f\" data-element_type=\"section\" data-settings=\"{&quot;jet_parallax_layout_list&quot;:[]}\">\n\t\t\t\t\t\t<div class=\"elementor-container elementor-column-gap-default\">\n\t\t\t\t\t<div class=\"elementor-column elementor-col-50 elementor-inner-column elementor-element elementor-element-a3130df\" data-id=\"a3130df\" data-element_type=\"column\">\n\t\t\t<div class=\"elementor-widget-wrap elementor-element-populated\">\n\t\t\t\t\t\t<div class=\"elementor-element elementor-element-f50c733 elementor-widget elementor-widget-gallery\" data-id=\"f50c733\" data-element_type=\"widget\" data-settings=\"{&quot;gallery_layout&quot;:&quot;masonry&quot;,&quot;columns&quot;:2,&quot;lazyload&quot;:&quot;yes&quot;,&quot;columns_tablet&quot;:2,&quot;columns_mobile&quot;:1,&quot;gap&quot;:{&quot;unit&quot;:&quot;px&quot;,&quot;size&quot;:10,&quot;sizes&quot;:[]},&quot;gap_tablet&quot;:{&quot;unit&quot;:&quot;px&quot;,&quot;size&quot;:10,&quot;sizes&quot;:[]},&quot;gap_mobile&quot;:{&quot;unit&quot;:&quot;px&quot;,&quot;size&quot;:10,&quot;sizes&quot;:[]},&quot;link_to&quot;:&quot;file&quot;,&quot;overlay_background&quot;:&quot;yes&quot;,&quot;content_hover_animation&quot;:&quot;fade-in&quot;}\" data-widget_type=\"gallery.default\">\n\t\t\t\t<div class=\"elementor-widget-container\">\n\t\t\t\t\t<div class=\"elementor-gallery__container\">\n\t\t\t\t\t\t\t<a class=\"e-gallery-item elementor-gallery-item elementor-animated-content\" href=\"https:\/\/ceramitage.eu\/wp-content\/uploads\/2024\/07\/26.01.2024-Spotkanie-z-Janina-Bany-Kozlowska-24-01-2024-4-4-fot.-Bolec-Info.jpg\" data-elementor-open-lightbox=\"yes\" data-elementor-lightbox-title=\"Spotkanie z Janin\u0105 Bany-Kozlowsk\u0105\" data-elementor-lightbox-description=\"fot. Bolec Info\" data-e-action-hash=\"#elementor-action%3Aaction%3Dlightbox%26settings%3DeyJpZCI6NDU3NiwidXJsIjoiaHR0cHM6XC9cL2NlcmFtaXRhZ2UuZXVcL3dwLWNvbnRlbnRcL3VwbG9hZHNcLzIwMjRcLzA3XC8yNi4wMS4yMDI0LVNwb3RrYW5pZS16LUphbmluYS1CYW55LUtvemxvd3NrYS0yNC0wMS0yMDI0LTQtNC1mb3QuLUJvbGVjLUluZm8uanBnIn0%3D\">\n\t\t\t\t\t<div class=\"e-gallery-image elementor-gallery-item__image\" data-thumbnail=\"https:\/\/ceramitage.eu\/wp-content\/uploads\/2024\/07\/26.01.2024-Spotkanie-z-Janina-Bany-Kozlowska-24-01-2024-4-4-fot.-Bolec-Info-300x200.jpg\" data-width=\"300\" data-height=\"200\" aria-label=\"\" role=\"img\" ><\/div>\n\t\t\t\t\t\t\t\t\t\t\t<div class=\"elementor-gallery-item__overlay\"><\/div>\n\t\t\t\t\t\t\t\t\t\t\t\t\t\t<\/a>\n\t\t\t\t\t\t\t<a class=\"e-gallery-item elementor-gallery-item elementor-animated-content\" href=\"https:\/\/ceramitage.eu\/wp-content\/uploads\/2024\/07\/26.01.2024-Spotkanie-z-Janina-Bany-Kozlowska-24-01-2024-4-4.jpg\" data-elementor-open-lightbox=\"yes\" data-elementor-lightbox-title=\"Spotkanie z Janin\u0105 Bany-Kozlowsk\u0105\" data-e-action-hash=\"#elementor-action%3Aaction%3Dlightbox%26settings%3DeyJpZCI6NDU3OSwidXJsIjoiaHR0cHM6XC9cL2NlcmFtaXRhZ2UuZXVcL3dwLWNvbnRlbnRcL3VwbG9hZHNcLzIwMjRcLzA3XC8yNi4wMS4yMDI0LVNwb3RrYW5pZS16LUphbmluYS1CYW55LUtvemxvd3NrYS0yNC0wMS0yMDI0LTQtNC5qcGcifQ%3D%3D\">\n\t\t\t\t\t<div class=\"e-gallery-image elementor-gallery-item__image\" data-thumbnail=\"https:\/\/ceramitage.eu\/wp-content\/uploads\/2024\/07\/26.01.2024-Spotkanie-z-Janina-Bany-Kozlowska-24-01-2024-4-4-210x300.jpg\" data-width=\"210\" data-height=\"300\" aria-label=\"\" role=\"img\" ><\/div>\n\t\t\t\t\t\t\t\t\t\t\t<div class=\"elementor-gallery-item__overlay\"><\/div>\n\t\t\t\t\t\t\t\t\t\t\t\t\t\t<\/a>\n\t\t\t\t\t\t\t<a class=\"e-gallery-item elementor-gallery-item elementor-animated-content\" href=\"https:\/\/ceramitage.eu\/wp-content\/uploads\/2024\/07\/26.01.2024-Spotkanie-z-Janina-Bany-Kozlowska-24-01-2024-4-5-fot.-Bolec-Info.jpg\" data-elementor-open-lightbox=\"yes\" data-elementor-lightbox-title=\"Spotkanie z Janin\u0105 Bany-Kozlowsk\u0105\" data-elementor-lightbox-description=\"fot. Bolec Info\" data-e-action-hash=\"#elementor-action%3Aaction%3Dlightbox%26settings%3DeyJpZCI6NDU4MiwidXJsIjoiaHR0cHM6XC9cL2NlcmFtaXRhZ2UuZXVcL3dwLWNvbnRlbnRcL3VwbG9hZHNcLzIwMjRcLzA3XC8yNi4wMS4yMDI0LVNwb3RrYW5pZS16LUphbmluYS1CYW55LUtvemxvd3NrYS0yNC0wMS0yMDI0LTQtNS1mb3QuLUJvbGVjLUluZm8uanBnIn0%3D\">\n\t\t\t\t\t<div class=\"e-gallery-image elementor-gallery-item__image\" data-thumbnail=\"https:\/\/ceramitage.eu\/wp-content\/uploads\/2024\/07\/26.01.2024-Spotkanie-z-Janina-Bany-Kozlowska-24-01-2024-4-5-fot.-Bolec-Info-300x200.jpg\" data-width=\"300\" data-height=\"200\" aria-label=\"\" role=\"img\" ><\/div>\n\t\t\t\t\t\t\t\t\t\t\t<div class=\"elementor-gallery-item__overlay\"><\/div>\n\t\t\t\t\t\t\t\t\t\t\t\t\t\t<\/a>\n\t\t\t\t\t<\/div>\n\t\t\t<\/div>\n\t\t\t\t<\/div>\n\t\t\t\t\t<\/div>\n\t\t<\/div>\n\t\t\t\t<div class=\"elementor-column elementor-col-50 elementor-inner-column elementor-element elementor-element-5e7dff4\" data-id=\"5e7dff4\" data-element_type=\"column\">\n\t\t\t<div class=\"elementor-widget-wrap elementor-element-populated\">\n\t\t\t\t\t\t<div class=\"elementor-element elementor-element-2181bb8 elementor-widget elementor-widget-text-editor\" data-id=\"2181bb8\" data-element_type=\"widget\" data-widget_type=\"text-editor.default\">\n\t\t\t\t<div class=\"elementor-widget-container\">\n\t\t\t\t\t\t\t<p>Uczestnicy spotkania mieli okazj\u0119 zobaczy\u0107 szkice projektowe, kt\u00f3rych do tej pory artystka nie prezentowa\u0142a szerszej publiczno\u015bci. Dowiedzieli si\u0119, jak wygl\u0105daj\u0105 poszczeg\u00f3lne etapy powstawania projektu \u2013 od niepozornego szkicu do w pe\u0142ni opracowanej dokumentacji przygotowanej do procesu produkcji. Na zako\u0144czenie przeprowadzili\u015bmy w\u015br\u00f3d go\u015bci losowanie nagrody \u2013 mlecznika, kt\u00f3ry pani Janina nie tylko zaprojektowa\u0142a, ale tak\u017ce w\u0142asnor\u0119cznie odla\u0142a w gipsowej formie, wie\u0144cz\u0105c tym aktem \u015brodowe spotkanie. Wydarzenie up\u0142yn\u0119\u0142o w sympatycznej i ciep\u0142ej atmosferze. Nie zabrak\u0142o czasu na osobiste rozmowy, wsp\u00f3lne zdj\u0119cia i gratulacje.<\/p>\t\t\t\t\t\t<\/div>\n\t\t\t\t<\/div>\n\t\t\t\t\t<\/div>\n\t\t<\/div>\n\t\t\t\t\t<\/div>\n\t\t<\/section>\n\t\t\t\t<div class=\"elementor-element elementor-element-8bac9ba elementor-widget elementor-widget-text-editor\" data-id=\"8bac9ba\" data-element_type=\"widget\" data-widget_type=\"text-editor.default\">\n\t\t\t\t<div class=\"elementor-widget-container\">\n\t\t\t\t\t\t\t<p>Serdecznie dzi\u0119kujemy pani Janinie Bany-Koz\u0142owskiej za to, \u017ce przyj\u0119\u0142a nasze zaproszenie i pozwoli\u0142a nam lepiej pozna\u0107 siebie i swoj\u0105 nietuzinkow\u0105 tw\u00f3rczo\u015b\u0107. Ogromne podzi\u0119kowania sk\u0142adamy r\u00f3wnie\u017c wszystkim uczestnikom spotkania za liczne przybycie.<br \/>Zapraszamy do obejrzenia filmowej relacji z wydarzenia, przygotowanej przez Telewizj\u0119 Boles\u0142awiec<\/p>\t\t\t\t\t\t<\/div>\n\t\t\t\t<\/div>\n\t\t\t\t<div class=\"elementor-element elementor-element-290feee elementor-widget elementor-widget-video\" data-id=\"290feee\" data-element_type=\"widget\" data-settings=\"{&quot;youtube_url&quot;:&quot;https:\\\/\\\/youtu.be\\\/ly_JE04FyTQ&quot;,&quot;video_type&quot;:&quot;youtube&quot;,&quot;controls&quot;:&quot;yes&quot;}\" data-widget_type=\"video.default\">\n\t\t\t\t<div class=\"elementor-widget-container\">\n\t\t\t\t\t<div class=\"elementor-wrapper elementor-open-inline\">\n\t\t\t<div class=\"elementor-video\"><\/div>\t\t<\/div>\n\t\t\t\t<\/div>\n\t\t\t\t<\/div>\n\t\t\t\t\t<\/div>\n\t\t<\/div>\n\t\t\t\t\t<\/div>\n\t\t<\/section>\n\t\t\t\t<\/div>\n\t\t","protected":false},"excerpt":{"rendered":"<p>\u015arodowe popo\u0142udnie w Centrum Dawnych Technik Garncarskich up\u0142yn\u0119\u0142o pod znakiem spotkania autorskiego z Janin\u0105 Bany-Koz\u0142owsk\u0105, znan\u0105 i cenion\u0105 na ca\u0142ym \u015bwiecie boles\u0142awieck\u0105 projektantk\u0105 ceramiki. Przybyli licznie go\u015bcie mieli okazj\u0119 pozna\u0107 tajniki pracy artystki, kt\u00f3ra w latach 1974-2019 pracowa\u0142a w Zak\u0142adach Ceramicznych \u201eBOLES\u0141AWIEC\u201d Sp. z o. o., pe\u0142ni\u0105c funkcj\u0119 kierownika artystycznego, a nast\u0119pnie g\u0142\u00f3wnej projektantki. Zaprojektowa\u0142a [&hellip;]<\/p>\n","protected":false},"author":3,"featured_media":4562,"comment_status":"closed","ping_status":"closed","sticky":false,"template":"","format":"standard","meta":{"footnotes":""},"categories":[41],"tags":[],"class_list":["post-4590","post","type-post","status-publish","format-standard","has-post-thumbnail","hentry","category-aktualnosci-no"],"_links":{"self":[{"href":"https:\/\/ceramitage.eu\/no\/wp-json\/wp\/v2\/posts\/4590","targetHints":{"allow":["GET"]}}],"collection":[{"href":"https:\/\/ceramitage.eu\/no\/wp-json\/wp\/v2\/posts"}],"about":[{"href":"https:\/\/ceramitage.eu\/no\/wp-json\/wp\/v2\/types\/post"}],"author":[{"embeddable":true,"href":"https:\/\/ceramitage.eu\/no\/wp-json\/wp\/v2\/users\/3"}],"replies":[{"embeddable":true,"href":"https:\/\/ceramitage.eu\/no\/wp-json\/wp\/v2\/comments?post=4590"}],"version-history":[{"count":1,"href":"https:\/\/ceramitage.eu\/no\/wp-json\/wp\/v2\/posts\/4590\/revisions"}],"predecessor-version":[{"id":4591,"href":"https:\/\/ceramitage.eu\/no\/wp-json\/wp\/v2\/posts\/4590\/revisions\/4591"}],"wp:featuredmedia":[{"embeddable":true,"href":"https:\/\/ceramitage.eu\/no\/wp-json\/wp\/v2\/media\/4562"}],"wp:attachment":[{"href":"https:\/\/ceramitage.eu\/no\/wp-json\/wp\/v2\/media?parent=4590"}],"wp:term":[{"taxonomy":"category","embeddable":true,"href":"https:\/\/ceramitage.eu\/no\/wp-json\/wp\/v2\/categories?post=4590"},{"taxonomy":"post_tag","embeddable":true,"href":"https:\/\/ceramitage.eu\/no\/wp-json\/wp\/v2\/tags?post=4590"}],"curies":[{"name":"wp","href":"https:\/\/api.w.org\/{rel}","templated":true}]}}